{"id":18253,"date":"2026-03-12T15:19:49","date_gmt":"2026-03-12T14:19:49","guid":{"rendered":"https:\/\/ento.org\/?p=18253"},"modified":"2026-03-13T11:52:07","modified_gmt":"2026-03-13T10:52:07","slug":"rejoignez-la-direction-dento","status":"publish","type":"post","link":"https:\/\/ento.org\/fr\/rejoignez-la-direction-dento\/","title":{"rendered":"Rejoignez la direction d&rsquo;ENTO"},"content":{"rendered":"\n<figure class=\"wp-block-image size-large\"><img loading=\"lazy\" width=\"1024\" height=\"536\" src=\"https:\/\/ento.org\/wp-content\/uploads\/2026\/03\/ENTO_Expressions-of-interest-1-1024x536.jpg\" alt=\"\" class=\"wp-image-18254\" srcset=\"https:\/\/ento.org\/wp-content\/uploads\/2026\/03\/ENTO_Expressions-of-interest-1-1024x536.jpg 1024w, https:\/\/ento.org\/wp-content\/uploads\/2026\/03\/ENTO_Expressions-of-interest-1-300x157.jpg 300w, https:\/\/ento.org\/wp-content\/uploads\/2026\/03\/ENTO_Expressions-of-interest-1-768x402.jpg 768w, https:\/\/ento.org\/wp-content\/uploads\/2026\/03\/ENTO_Expressions-of-interest-1.jpg 1200w\" sizes=\"(max-width: 1024px) 100vw, 1024px\" \/><\/figure>\n\n\n\n<p>Le R\u00e9seau europ\u00e9en des organismes de formation (ENTO) souhaite renforcer son r\u00f4le de r\u00e9f\u00e9rence dynamique et de premier plan en mati\u00e8re de d\u00e9mocratie locale et de formation en Europe. Afin de redynamiser sa vie communautaire et d&rsquo;\u00e9largir sa base de membres, l&rsquo;ENTO lance un appel \u00e0 manifestation d&rsquo;int\u00e9r\u00eat pour un poste de responsable communautaire ou de chef de groupe de travail.<\/p>\n<p><strong>Objectif du poste<\/strong><\/p>\n<p>Concevoir, proposer et mettre en \u0153uvre des activit\u00e9s visant \u00e0 revitaliser la communaut\u00e9 ENTO, \u00e0 accro\u00eetre sa visibilit\u00e9, \u00e0 attirer de nouveaux membres et \u00e0 renforcer la valeur ajout\u00e9e pour les membres existants.<\/p>\n<h3>\u00c9tendue des t\u00e2ches<\/h3>\n<p>L&rsquo;organisation et\/ou la ou les personnes s\u00e9lectionn\u00e9es devront :<\/p>\n<p>\u2022 Pr\u00e9parer une proposition d&rsquo;activit\u00e9s annuelles.&lt;br&gt;\u2022 Mettre en \u0153uvre les activit\u00e9s approuv\u00e9es pour le r\u00e9seau en coordination avec le bureau de l&rsquo;ENTO.<\/p>\n<p>\u2022 Diriger les initiatives de sensibilisation et de communication.<\/p>\n<p>\u2022 Organiser des webinaires, des r\u00e9unions et des \u00e9v\u00e9nements communautaires<\/p>\n<p>\u2022 Soutenir le positionnement strat\u00e9gique \u00e0 long terme de l&rsquo;ENTO.<\/p>\n<h3>R\u00e9sultats attendus<\/h3>\n<p>\u2022 Engagement accru des membres.<\/p>\n<p>\u2022 Am\u00e9lioration de la communication et de la visibilit\u00e9.<\/p>\n<p>\u2022 Initiatives concr\u00e8tes pour des activit\u00e9s visant notamment \u00e0 attirer de nouveaux membres.<\/p>\n<p>\u2022 Renforcement de l&rsquo;identit\u00e9 de l&rsquo;ENTO au niveau europ\u00e9en.<\/p>\n<h3>Dur\u00e9e<\/h3>\n<p>Mandat initial : 1 an, renouvelable (sous r\u00e9serve d&rsquo;\u00e9valuation) pour une dur\u00e9e maximale de 2 ans.<\/p>\n<h3>Ressources<\/h3>\n<p>Un budget op\u00e9rationnel d&rsquo;environ 5 000 \u00e0 10 000 euros par an peut \u00eatre allou\u00e9. Aucune r\u00e9mun\u00e9ration n&rsquo;est pr\u00e9vue. Le r\u00f4le est b\u00e9n\u00e9vole, mais les frais li\u00e9s aux d\u00e9placements et \u00e0 l&rsquo;h\u00e9bergement dans le cadre des \u00e9v\u00e9nements de l&rsquo;ENTO et les frais de base.<\/p>\n<p>&nbsp;<\/p>\n\n\n\n<div class=\"wp-block-file\"><a id=\"wp-block-file--media-858c6d80-0971-4c18-9271-625973d35454\" href=\"https:\/\/ento.org\/wp-content\/uploads\/2026\/03\/Application-form_ENTO-1.docx\">Application-form_ENTO-1<\/a><a href=\"https:\/\/ento.org\/wp-content\/uploads\/2026\/03\/Application-form_ENTO-1.docx\" class=\"wp-block-file__button\" download aria-describedby=\"wp-block-file--media-858c6d80-0971-4c18-9271-625973d35454\">Download<\/a><\/div>\n\n\n\n<p>Les formulaires peuvent \u00eatre envoy\u00e9s \u00e0 l&rsquo;adresse : <a href=\"mailto:ento@civitas.ge\" target=\"_blank\" rel=\"noreferrer noopener\">ento@civitas.ge<\/a><\/p>\n","protected":false},"excerpt":{"rendered":"<p>Le R\u00e9seau europ\u00e9en des organismes de formation (ENTO) souhaite renforcer son r\u00f4le de r\u00e9f\u00e9rence dynamique et de premier plan en mati\u00e8re de d\u00e9mocratie locale et de formation en Europe. Afin de redynamiser sa vie communautaire et d&rsquo;\u00e9largir sa base de membres, l&rsquo;ENTO lance un appel \u00e0 manifestation d&rsquo;int\u00e9r\u00eat pour un poste de responsable communautaire ou [&hellip;]<\/p>\n","protected":false},"author":8,"featured_media":0,"comment_status":"closed","ping_status":"closed","sticky":false,"template":"","format":"standard","meta":{"ngg_post_thumbnail":0},"categories":[36],"tags":[],"acf":[],"yoast_head":"<!-- This site is optimized with the Yoast SEO plugin v18.1 - https:\/\/yoast.com\/wordpress\/plugins\/seo\/ -->\n<title>Rejoignez la direction d&#039;ENTO - Ento<\/title>\n<meta name=\"robots\" content=\"index, follow, max-snippet:-1, max-image-preview:large, max-video-preview:-1\" \/>\n<link rel=\"canonical\" href=\"https:\/\/ento.org\/fr\/rejoignez-la-direction-dento\/\" \/>\n<meta property=\"og:locale\" content=\"fr_FR\" \/>\n<meta property=\"og:type\" content=\"article\" \/>\n<meta property=\"og:title\" content=\"Rejoignez la direction d&#039;ENTO - Ento\" \/>\n<meta property=\"og:description\" content=\"Le R\u00e9seau europ\u00e9en des organismes de formation (ENTO) souhaite renforcer son r\u00f4le de r\u00e9f\u00e9rence dynamique et de premier plan en mati\u00e8re de d\u00e9mocratie locale et de formation en Europe. Afin de redynamiser sa vie communautaire et d&rsquo;\u00e9largir sa base de membres, l&rsquo;ENTO lance un appel \u00e0 manifestation d&rsquo;int\u00e9r\u00eat pour un poste de responsable communautaire ou [&hellip;]\" \/>\n<meta property=\"og:url\" content=\"https:\/\/ento.org\/fr\/rejoignez-la-direction-dento\/\" \/>\n<meta property=\"og:site_name\" content=\"Ento\" \/>\n<meta property=\"article:published_time\" content=\"2026-03-12T14:19:49+00:00\" \/>\n<meta property=\"article:modified_time\" content=\"2026-03-13T10:52:07+00:00\" \/>\n<meta property=\"og:image\" content=\"https:\/\/ento.org\/wp-content\/uploads\/2026\/03\/ENTO_Expressions-of-interest-1-1024x536.jpg\" \/>\n<meta name=\"twitter:card\" content=\"summary\" \/>\n<meta name=\"twitter:label1\" content=\"\u00c9crit par\" \/>\n\t<meta name=\"twitter:data1\" content=\"Audrey Coquelet\" \/>\n\t<meta name=\"twitter:label2\" content=\"Dur\u00e9e de lecture estim\u00e9e\" \/>\n\t<meta name=\"twitter:data2\" content=\"2 minutes\" \/>\n<script type=\"application\/ld+json\" class=\"yoast-schema-graph\">{\"@context\":\"https:\/\/schema.org\",\"@graph\":[{\"@type\":\"WebSite\",\"@id\":\"https:\/\/ento.org\/#website\",\"url\":\"https:\/\/ento.org\/\",\"name\":\"Ento\",\"description\":\"European Network Training Organisations for Local and Regional Authorities\",\"potentialAction\":[{\"@type\":\"SearchAction\",\"target\":{\"@type\":\"EntryPoint\",\"urlTemplate\":\"https:\/\/ento.org\/?s={search_term_string}\"},\"query-input\":\"required name=search_term_string\"}],\"inLanguage\":\"fr-FR\"},{\"@type\":\"ImageObject\",\"@id\":\"https:\/\/ento.org\/fr\/rejoignez-la-direction-dento\/#primaryimage\",\"inLanguage\":\"fr-FR\",\"url\":\"https:\/\/ento.org\/wp-content\/uploads\/2026\/03\/ENTO_Expressions-of-interest-1.jpg\",\"contentUrl\":\"https:\/\/ento.org\/wp-content\/uploads\/2026\/03\/ENTO_Expressions-of-interest-1.jpg\",\"width\":1200,\"height\":628},{\"@type\":\"WebPage\",\"@id\":\"https:\/\/ento.org\/fr\/rejoignez-la-direction-dento\/#webpage\",\"url\":\"https:\/\/ento.org\/fr\/rejoignez-la-direction-dento\/\",\"name\":\"Rejoignez la direction d'ENTO - Ento\",\"isPartOf\":{\"@id\":\"https:\/\/ento.org\/#website\"},\"primaryImageOfPage\":{\"@id\":\"https:\/\/ento.org\/fr\/rejoignez-la-direction-dento\/#primaryimage\"},\"datePublished\":\"2026-03-12T14:19:49+00:00\",\"dateModified\":\"2026-03-13T10:52:07+00:00\",\"author\":{\"@id\":\"https:\/\/ento.org\/#\/schema\/person\/1498997d59570e0ff6b267f4205f8f0a\"},\"breadcrumb\":{\"@id\":\"https:\/\/ento.org\/fr\/rejoignez-la-direction-dento\/#breadcrumb\"},\"inLanguage\":\"fr-FR\",\"potentialAction\":[{\"@type\":\"ReadAction\",\"target\":[\"https:\/\/ento.org\/fr\/rejoignez-la-direction-dento\/\"]}]},{\"@type\":\"BreadcrumbList\",\"@id\":\"https:\/\/ento.org\/fr\/rejoignez-la-direction-dento\/#breadcrumb\",\"itemListElement\":[{\"@type\":\"ListItem\",\"position\":1,\"name\":\"Home\",\"item\":\"https:\/\/ento.org\/fr\/\"},{\"@type\":\"ListItem\",\"position\":2,\"name\":\"Rejoignez la direction d&#8217;ENTO\"}]},{\"@type\":\"Person\",\"@id\":\"https:\/\/ento.org\/#\/schema\/person\/1498997d59570e0ff6b267f4205f8f0a\",\"name\":\"Audrey Coquelet\",\"image\":{\"@type\":\"ImageObject\",\"@id\":\"https:\/\/ento.org\/#personlogo\",\"inLanguage\":\"fr-FR\",\"url\":\"https:\/\/secure.gravatar.com\/avatar\/19520688d0beed5f2a4e32eaebc186e0?s=96&d=mm&r=g\",\"contentUrl\":\"https:\/\/secure.gravatar.com\/avatar\/19520688d0beed5f2a4e32eaebc186e0?s=96&d=mm&r=g\",\"caption\":\"Audrey Coquelet\"},\"url\":\"https:\/\/ento.org\/fr\/author\/audrey-coqueletcrf-wallonie-be\/\"}]}<\/script>\n<!-- \/ Yoast SEO plugin. -->","yoast_head_json":{"title":"Rejoignez la direction d'ENTO - Ento","robots":{"index":"index","follow":"follow","max-snippet":"max-snippet:-1","max-image-preview":"max-image-preview:large","max-video-preview":"max-video-preview:-1"},"canonical":"https:\/\/ento.org\/fr\/rejoignez-la-direction-dento\/","og_locale":"fr_FR","og_type":"article","og_title":"Rejoignez la direction d'ENTO - Ento","og_description":"Le R\u00e9seau europ\u00e9en des organismes de formation (ENTO) souhaite renforcer son r\u00f4le de r\u00e9f\u00e9rence dynamique et de premier plan en mati\u00e8re de d\u00e9mocratie locale et de formation en Europe. Afin de redynamiser sa vie communautaire et d&rsquo;\u00e9largir sa base de membres, l&rsquo;ENTO lance un appel \u00e0 manifestation d&rsquo;int\u00e9r\u00eat pour un poste de responsable communautaire ou [&hellip;]","og_url":"https:\/\/ento.org\/fr\/rejoignez-la-direction-dento\/","og_site_name":"Ento","article_published_time":"2026-03-12T14:19:49+00:00","article_modified_time":"2026-03-13T10:52:07+00:00","og_image":[{"url":"https:\/\/ento.org\/wp-content\/uploads\/2026\/03\/ENTO_Expressions-of-interest-1-1024x536.jpg"}],"twitter_card":"summary","twitter_misc":{"\u00c9crit par":"Audrey Coquelet","Dur\u00e9e de lecture estim\u00e9e":"2 minutes"},"schema":{"@context":"https:\/\/schema.org","@graph":[{"@type":"WebSite","@id":"https:\/\/ento.org\/#website","url":"https:\/\/ento.org\/","name":"Ento","description":"European Network Training Organisations for Local and Regional Authorities","potentialAction":[{"@type":"SearchAction","target":{"@type":"EntryPoint","urlTemplate":"https:\/\/ento.org\/?s={search_term_string}"},"query-input":"required name=search_term_string"}],"inLanguage":"fr-FR"},{"@type":"ImageObject","@id":"https:\/\/ento.org\/fr\/rejoignez-la-direction-dento\/#primaryimage","inLanguage":"fr-FR","url":"https:\/\/ento.org\/wp-content\/uploads\/2026\/03\/ENTO_Expressions-of-interest-1.jpg","contentUrl":"https:\/\/ento.org\/wp-content\/uploads\/2026\/03\/ENTO_Expressions-of-interest-1.jpg","width":1200,"height":628},{"@type":"WebPage","@id":"https:\/\/ento.org\/fr\/rejoignez-la-direction-dento\/#webpage","url":"https:\/\/ento.org\/fr\/rejoignez-la-direction-dento\/","name":"Rejoignez la direction d'ENTO - Ento","isPartOf":{"@id":"https:\/\/ento.org\/#website"},"primaryImageOfPage":{"@id":"https:\/\/ento.org\/fr\/rejoignez-la-direction-dento\/#primaryimage"},"datePublished":"2026-03-12T14:19:49+00:00","dateModified":"2026-03-13T10:52:07+00:00","author":{"@id":"https:\/\/ento.org\/#\/schema\/person\/1498997d59570e0ff6b267f4205f8f0a"},"breadcrumb":{"@id":"https:\/\/ento.org\/fr\/rejoignez-la-direction-dento\/#breadcrumb"},"inLanguage":"fr-FR","potentialAction":[{"@type":"ReadAction","target":["https:\/\/ento.org\/fr\/rejoignez-la-direction-dento\/"]}]},{"@type":"BreadcrumbList","@id":"https:\/\/ento.org\/fr\/rejoignez-la-direction-dento\/#breadcrumb","itemListElement":[{"@type":"ListItem","position":1,"name":"Home","item":"https:\/\/ento.org\/fr\/"},{"@type":"ListItem","position":2,"name":"Rejoignez la direction d&#8217;ENTO"}]},{"@type":"Person","@id":"https:\/\/ento.org\/#\/schema\/person\/1498997d59570e0ff6b267f4205f8f0a","name":"Audrey Coquelet","image":{"@type":"ImageObject","@id":"https:\/\/ento.org\/#personlogo","inLanguage":"fr-FR","url":"https:\/\/secure.gravatar.com\/avatar\/19520688d0beed5f2a4e32eaebc186e0?s=96&d=mm&r=g","contentUrl":"https:\/\/secure.gravatar.com\/avatar\/19520688d0beed5f2a4e32eaebc186e0?s=96&d=mm&r=g","caption":"Audrey Coquelet"},"url":"https:\/\/ento.org\/fr\/author\/audrey-coqueletcrf-wallonie-be\/"}]}},"_links":{"self":[{"href":"https:\/\/ento.org\/fr\/wp-json\/wp\/v2\/posts\/18253"}],"collection":[{"href":"https:\/\/ento.org\/fr\/wp-json\/wp\/v2\/posts"}],"about":[{"href":"https:\/\/ento.org\/fr\/wp-json\/wp\/v2\/types\/post"}],"author":[{"embeddable":true,"href":"https:\/\/ento.org\/fr\/wp-json\/wp\/v2\/users\/8"}],"replies":[{"embeddable":true,"href":"https:\/\/ento.org\/fr\/wp-json\/wp\/v2\/comments?post=18253"}],"version-history":[{"count":2,"href":"https:\/\/ento.org\/fr\/wp-json\/wp\/v2\/posts\/18253\/revisions"}],"predecessor-version":[{"id":18259,"href":"https:\/\/ento.org\/fr\/wp-json\/wp\/v2\/posts\/18253\/revisions\/18259"}],"wp:attachment":[{"href":"https:\/\/ento.org\/fr\/wp-json\/wp\/v2\/media?parent=18253"}],"wp:term":[{"taxonomy":"category","embeddable":true,"href":"https:\/\/ento.org\/fr\/wp-json\/wp\/v2\/categories?post=18253"},{"taxonomy":"post_tag","embeddable":true,"href":"https:\/\/ento.org\/fr\/wp-json\/wp\/v2\/tags?post=18253"}],"curies":[{"name":"wp","href":"https:\/\/api.w.org\/{rel}","templated":true}]}}