{"id":18158,"date":"2023-07-28T09:48:02","date_gmt":"2023-07-28T07:48:02","guid":{"rendered":"https:\/\/ento.org\/?p=18158"},"modified":"2023-09-05T13:26:20","modified_gmt":"2023-09-05T11:26:20","slug":"prochaine-assemblee-generale-armenie","status":"publish","type":"post","link":"https:\/\/ento.org\/fr\/prochaine-assemblee-generale-armenie\/","title":{"rendered":"PROCHAINE ASSEMBLEE GENERALE &#8211; ARMENIE"},"content":{"rendered":"\n<figure class=\"wp-block-image size-large\"><img loading=\"lazy\" width=\"1024\" height=\"512\" src=\"https:\/\/ento.org\/wp-content\/uploads\/2023\/07\/ento-2-1024x512.jpg\" alt=\"\" class=\"wp-image-18172\" srcset=\"https:\/\/ento.org\/wp-content\/uploads\/2023\/07\/ento-2-1024x512.jpg 1024w, https:\/\/ento.org\/wp-content\/uploads\/2023\/07\/ento-2-300x150.jpg 300w, https:\/\/ento.org\/wp-content\/uploads\/2023\/07\/ento-2-768x384.jpg 768w, https:\/\/ento.org\/wp-content\/uploads\/2023\/07\/ento-2-1536x768.jpg 1536w, https:\/\/ento.org\/wp-content\/uploads\/2023\/07\/ento-2-2048x1024.jpg 2048w\" sizes=\"(max-width: 1024px) 100vw, 1024px\" \/><\/figure>\n\n\n\n<p>Chers membres de l&rsquo;ENTO,<\/p>\n<p>Nous sommes heureux de vous inviter \u00e0 la prochaine <strong>Assembl\u00e9e g\u00e9n\u00e9rale de l&rsquo;ENTO qui se tiendra du 9 au 14 octobre 2023, \u00e0 Erevan et Goris, en Arm\u00e9nie<\/strong>.<\/p>\n<p>Dans la continuit\u00e9 des StudyLab Talks \u00ab G\u00e9rer les villes en temps de crise \u2013 Exp\u00e9rience ukrainienne \u00bb organis\u00e9s le 6 juillet 2023, le th\u00e8me des \u00ab Communaut\u00e9s en conflit \u00bb sera abord\u00e9.<\/p>\n<p>En effet, de nombreuses communaut\u00e9s en Europe ont \u00e9t\u00e9 confront\u00e9es au d\u00e9fi inattendu d&rsquo;\u00eatre impliqu\u00e9es dans des guerres et des conflits. Comment \u00eatre r\u00e9silient apr\u00e8s un conflit ? Comment les municipalit\u00e9s et les autorit\u00e9s locales ont-elles pu continuer \u00e0 travailler pendant le conflit (gestion de la s\u00e9curit\u00e9, des r\u00e9fugi\u00e9s, de la nourriture, des soins de sant\u00e9, \u2026) ? Autant de questions qui seront abord\u00e9es lors de notre prochaine rencontre. Nous aurons \u00e9galement la possibilit\u00e9 de voyager en dehors de la capitale Erevan et de rencontrer des communaut\u00e9s en conflit, d&rsquo;organiser des sessions entre pairs et de partager des exp\u00e9riences.<\/p>\n<p>Bloquez d\u00e9j\u00e0 les dates et d\u00e9couvrez le programme pr\u00e9visionnel ci-dessous.<\/p>\n<p><span class=\"Y2IQFc\" lang=\"fr\">Une estimation des co\u00fbts par participant a \u00e9t\u00e9 r\u00e9alis\u00e9e et sera confirm\u00e9e au cours du mois de septembre.<\/span><\/p>\n<p><span class=\"Y2IQFc\" lang=\"fr\">Informations sur les co\u00fbts et estimation <\/span><\/p>\n<ul>\n<li><span class=\"Y2IQFc\" lang=\"fr\">Billets d&rsquo;avion \u00e0 charge des participants <\/span><\/li>\n<li><span class=\"Y2IQFc\" lang=\"fr\">Co\u00fbt moyen par h\u00f4tel : +-100 euros (Ibis, Ramada, Novotel, Best Western, Airbnb). <\/span><\/li>\n<li><span class=\"Y2IQFc\" lang=\"fr\">Co\u00fbt moyen pour le d\u00e9jeuner\/d\u00eener \u00e0 Erevan : 25-30 euros par personne <\/span><\/li>\n<\/ul>\n<p><span class=\"Y2IQFc\" lang=\"fr\">Frais d&rsquo;inscription pour les non-membres de l&rsquo;ENTO : 100 Eur<\/span><\/p>\n<p><strong>Programme pr\u00e9visionnel<\/strong><\/p>\n<table style=\"border-collapse: collapse; width: 100%; height: 286px;\">\n<tbody>\n<tr style=\"height: 26px;\">\n<td style=\"width: 16.1905%; height: 26px;\"><strong>DATE<\/strong><\/td>\n<td style=\"width: 83.8095%; height: 26px;\"><strong>PROGRAMME<\/strong><\/td>\n<\/tr>\n<tr style=\"height: 26px;\">\n<td style=\"width: 16.1905%; height: 26px;\">9 Octobre<\/td>\n<td style=\"width: 83.8095%; height: 26px;\">\n<p id=\"tw-target-text\" class=\"tw-data-text tw-text-large tw-ta\" dir=\"ltr\" data-placeholder=\"Traduction\"><span class=\"Y2IQFc\" lang=\"fr\">Arriv\u00e9e \u00e0 Erevan H\u00e9bergement dans les h\u00f4tels <\/span><\/p>\n<p class=\"tw-data-text tw-text-large tw-ta\" dir=\"ltr\" data-placeholder=\"Traduction\"><span class=\"Y2IQFc\" lang=\"fr\">\u00c9v\u00e9nement de bienvenue \u00e0 la Fondation urbaine. Mises \u00e0 jour par les membres ENTO D\u00eener (\u00e0 d\u00e9terminer)<\/span><\/p>\n<\/td>\n<\/tr>\n<tr style=\"height: 26px;\">\n<td style=\"width: 16.1905%; height: 26px;\">\n<p>10 Octobre<\/p>\n<\/td>\n<td style=\"width: 83.8095%; height: 26px;\">\n<p id=\"tw-target-text\" class=\"tw-data-text tw-text-large tw-ta\" dir=\"ltr\" data-placeholder=\"Traduction\"><span class=\"Y2IQFc\" lang=\"fr\">Voyage \u00e0 Syunik (environ 4 heures) Arr\u00eat pour un caf\u00e9 \u00e0 Vayq Arriv\u00e9e \u00e0 Goris, enregistrement \u00e0 l&rsquo;h\u00f4tel Mirhav, d\u00e9jeuner \u00e0 Goris Visite de la communaut\u00e9 frontali\u00e8re de Tegh, rencontre avec le maire. Retour \u00e0 Goris<\/span><\/p>\n<\/td>\n<\/tr>\n<tr style=\"height: 26px;\">\n<td style=\"width: 16.1905%; height: 26px;\">\n<p>11 Octobre<\/p>\n<\/td>\n<td style=\"width: 83.8095%; height: 26px;\">\n<p class=\"tw-data-text tw-text-large tw-ta\" dir=\"ltr\" data-placeholder=\"Traduction\"><span class=\"Y2IQFc\" lang=\"fr\">Session entre pairs : Communaut\u00e9s en conflit.<br><\/span><\/p>\n<p id=\"tw-target-text\" class=\"tw-data-text tw-text-large tw-ta\" dir=\"ltr\" data-placeholder=\"Traduction\"><span class=\"Y2IQFc\" lang=\"fr\">Lieu : H\u00f4tel Mirhav, Goris- premi\u00e8re moiti\u00e9 de la journ\u00e9e \u2013 30-35 participants D\u00e9part pour Tatev suivi du d\u00e9jeuner \u00e0 Tatev. T\u00e9l\u00e9ph\u00e9rique de TaTevere au-dessus de la gorge, visite du monast\u00e8re m\u00e9di\u00e9val de Tatev. Retour \u00e0 Erevan.<\/span><\/p>\n<\/td>\n<\/tr>\n<tr style=\"height: 26px;\">\n<td style=\"width: 16.1905%; height: 26px;\">\n<p>12 Octobre<\/p>\n<\/td>\n<td style=\"width: 83.8095%; height: 26px;\">\n<p id=\"tw-target-text\" class=\"tw-data-text tw-text-large tw-ta\" dir=\"ltr\" data-placeholder=\"Traduction\"><span class=\"Y2IQFc\" lang=\"fr\">Assembl\u00e9e g\u00e9n\u00e9rale de l&rsquo;ENTO. Session de d\u00e9veloppement communautaire ENTO. Discussion dans le cadre du projet \u00ab\u00a0Local Works\u00a0\u00bb financ\u00e9 par l&rsquo;USAID. Partage d&rsquo;exp\u00e9rience des membres ENTO.<\/span><\/p>\n<\/td>\n<\/tr>\n<tr style=\"height: 26px;\">\n<td style=\"width: 16.1905%; height: 26px;\">\n<p>13 Octobre<\/p>\n<\/td>\n<td style=\"width: 83.8095%; height: 26px;\">\n<p id=\"tw-target-text\" class=\"tw-data-text tw-text-large tw-ta\" dir=\"ltr\" data-placeholder=\"Traduction\"><span class=\"Y2IQFc\" lang=\"fr\">D\u00e9part d&rsquo;Erevan<\/span><\/p>\n<\/td>\n<\/tr>\n<\/tbody>\n<\/table>\n\n\n\n<div class=\"wp-container-1 wp-block-buttons\">\n<div class=\"wp-block-button\"><a class=\"wp-block-button__link\" href=\"https:\/\/forms.gle\/PHWsTGkLCyLoT6sL8\" target=\"_blank\" rel=\"noreferrer noopener\">Plus d&rsquo;infos et inscription<\/a><\/div>\n<\/div>\n","protected":false},"excerpt":{"rendered":"<p>Chers membres de l&rsquo;ENTO, Nous sommes heureux de vous inviter \u00e0 la prochaine Assembl\u00e9e g\u00e9n\u00e9rale de l&rsquo;ENTO qui se tiendra du 9 au 14 octobre 2023, \u00e0 Erevan et Goris, en Arm\u00e9nie. Dans la continuit\u00e9 des StudyLab Talks \u00ab G\u00e9rer les villes en temps de crise \u2013 Exp\u00e9rience ukrainienne \u00bb organis\u00e9s le 6 juillet 2023, [&hellip;]<\/p>\n","protected":false},"author":8,"featured_media":0,"comment_status":"closed","ping_status":"closed","sticky":false,"template":"","format":"standard","meta":{"ngg_post_thumbnail":0},"categories":[36],"tags":[],"acf":[],"yoast_head":"<!-- This site is optimized with the Yoast SEO plugin v18.1 - https:\/\/yoast.com\/wordpress\/plugins\/seo\/ -->\n<title>PROCHAINE ASSEMBLEE GENERALE - ARMENIE - Ento<\/title>\n<meta name=\"robots\" content=\"index, follow, max-snippet:-1, max-image-preview:large, max-video-preview:-1\" \/>\n<link rel=\"canonical\" href=\"https:\/\/ento.org\/fr\/prochaine-assemblee-generale-armenie\/\" \/>\n<meta property=\"og:locale\" content=\"fr_FR\" \/>\n<meta property=\"og:type\" content=\"article\" \/>\n<meta property=\"og:title\" content=\"PROCHAINE ASSEMBLEE GENERALE - ARMENIE - Ento\" \/>\n<meta property=\"og:description\" content=\"Chers membres de l&rsquo;ENTO, Nous sommes heureux de vous inviter \u00e0 la prochaine Assembl\u00e9e g\u00e9n\u00e9rale de l&rsquo;ENTO qui se tiendra du 9 au 14 octobre 2023, \u00e0 Erevan et Goris, en Arm\u00e9nie. Dans la continuit\u00e9 des StudyLab Talks \u00ab G\u00e9rer les villes en temps de crise \u2013 Exp\u00e9rience ukrainienne \u00bb organis\u00e9s le 6 juillet 2023, [&hellip;]\" \/>\n<meta property=\"og:url\" content=\"https:\/\/ento.org\/fr\/prochaine-assemblee-generale-armenie\/\" \/>\n<meta property=\"og:site_name\" content=\"Ento\" \/>\n<meta property=\"article:published_time\" content=\"2023-07-28T07:48:02+00:00\" \/>\n<meta property=\"article:modified_time\" content=\"2023-09-05T11:26:20+00:00\" \/>\n<meta property=\"og:image\" content=\"https:\/\/ento.org\/wp-content\/uploads\/2023\/07\/ento-2-1024x512.jpg\" \/>\n<meta name=\"twitter:card\" content=\"summary\" \/>\n<meta name=\"twitter:label1\" content=\"\u00c9crit par\" \/>\n\t<meta name=\"twitter:data1\" content=\"Audrey Coquelet\" \/>\n\t<meta name=\"twitter:label2\" content=\"Dur\u00e9e de lecture estim\u00e9e\" \/>\n\t<meta name=\"twitter:data2\" content=\"2 minutes\" \/>\n<script type=\"application\/ld+json\" class=\"yoast-schema-graph\">{\"@context\":\"https:\/\/schema.org\",\"@graph\":[{\"@type\":\"WebSite\",\"@id\":\"https:\/\/ento.org\/#website\",\"url\":\"https:\/\/ento.org\/\",\"name\":\"Ento\",\"description\":\"European Network Training Organisations for Local and Regional Authorities\",\"potentialAction\":[{\"@type\":\"SearchAction\",\"target\":{\"@type\":\"EntryPoint\",\"urlTemplate\":\"https:\/\/ento.org\/?s={search_term_string}\"},\"query-input\":\"required name=search_term_string\"}],\"inLanguage\":\"fr-FR\"},{\"@type\":\"ImageObject\",\"@id\":\"https:\/\/ento.org\/fr\/prochaine-assemblee-generale-armenie\/#primaryimage\",\"inLanguage\":\"fr-FR\",\"url\":\"https:\/\/ento.org\/wp-content\/uploads\/2023\/07\/ento-2-scaled.jpg\",\"contentUrl\":\"https:\/\/ento.org\/wp-content\/uploads\/2023\/07\/ento-2-scaled.jpg\",\"width\":2560,\"height\":1280},{\"@type\":\"WebPage\",\"@id\":\"https:\/\/ento.org\/fr\/prochaine-assemblee-generale-armenie\/#webpage\",\"url\":\"https:\/\/ento.org\/fr\/prochaine-assemblee-generale-armenie\/\",\"name\":\"PROCHAINE ASSEMBLEE GENERALE - ARMENIE - Ento\",\"isPartOf\":{\"@id\":\"https:\/\/ento.org\/#website\"},\"primaryImageOfPage\":{\"@id\":\"https:\/\/ento.org\/fr\/prochaine-assemblee-generale-armenie\/#primaryimage\"},\"datePublished\":\"2023-07-28T07:48:02+00:00\",\"dateModified\":\"2023-09-05T11:26:20+00:00\",\"author\":{\"@id\":\"https:\/\/ento.org\/#\/schema\/person\/1498997d59570e0ff6b267f4205f8f0a\"},\"breadcrumb\":{\"@id\":\"https:\/\/ento.org\/fr\/prochaine-assemblee-generale-armenie\/#breadcrumb\"},\"inLanguage\":\"fr-FR\",\"potentialAction\":[{\"@type\":\"ReadAction\",\"target\":[\"https:\/\/ento.org\/fr\/prochaine-assemblee-generale-armenie\/\"]}]},{\"@type\":\"BreadcrumbList\",\"@id\":\"https:\/\/ento.org\/fr\/prochaine-assemblee-generale-armenie\/#breadcrumb\",\"itemListElement\":[{\"@type\":\"ListItem\",\"position\":1,\"name\":\"Home\",\"item\":\"https:\/\/ento.org\/fr\/\"},{\"@type\":\"ListItem\",\"position\":2,\"name\":\"PROCHAINE ASSEMBLEE GENERALE &#8211; ARMENIE\"}]},{\"@type\":\"Person\",\"@id\":\"https:\/\/ento.org\/#\/schema\/person\/1498997d59570e0ff6b267f4205f8f0a\",\"name\":\"Audrey Coquelet\",\"image\":{\"@type\":\"ImageObject\",\"@id\":\"https:\/\/ento.org\/#personlogo\",\"inLanguage\":\"fr-FR\",\"url\":\"https:\/\/secure.gravatar.com\/avatar\/19520688d0beed5f2a4e32eaebc186e0?s=96&d=mm&r=g\",\"contentUrl\":\"https:\/\/secure.gravatar.com\/avatar\/19520688d0beed5f2a4e32eaebc186e0?s=96&d=mm&r=g\",\"caption\":\"Audrey Coquelet\"},\"url\":\"https:\/\/ento.org\/fr\/author\/audrey-coqueletcrf-wallonie-be\/\"}]}<\/script>\n<!-- \/ Yoast SEO plugin. -->","yoast_head_json":{"title":"PROCHAINE ASSEMBLEE GENERALE - ARMENIE - Ento","robots":{"index":"index","follow":"follow","max-snippet":"max-snippet:-1","max-image-preview":"max-image-preview:large","max-video-preview":"max-video-preview:-1"},"canonical":"https:\/\/ento.org\/fr\/prochaine-assemblee-generale-armenie\/","og_locale":"fr_FR","og_type":"article","og_title":"PROCHAINE ASSEMBLEE GENERALE - ARMENIE - Ento","og_description":"Chers membres de l&rsquo;ENTO, Nous sommes heureux de vous inviter \u00e0 la prochaine Assembl\u00e9e g\u00e9n\u00e9rale de l&rsquo;ENTO qui se tiendra du 9 au 14 octobre 2023, \u00e0 Erevan et Goris, en Arm\u00e9nie. Dans la continuit\u00e9 des StudyLab Talks \u00ab G\u00e9rer les villes en temps de crise \u2013 Exp\u00e9rience ukrainienne \u00bb organis\u00e9s le 6 juillet 2023, [&hellip;]","og_url":"https:\/\/ento.org\/fr\/prochaine-assemblee-generale-armenie\/","og_site_name":"Ento","article_published_time":"2023-07-28T07:48:02+00:00","article_modified_time":"2023-09-05T11:26:20+00:00","og_image":[{"url":"https:\/\/ento.org\/wp-content\/uploads\/2023\/07\/ento-2-1024x512.jpg"}],"twitter_card":"summary","twitter_misc":{"\u00c9crit par":"Audrey Coquelet","Dur\u00e9e de lecture estim\u00e9e":"2 minutes"},"schema":{"@context":"https:\/\/schema.org","@graph":[{"@type":"WebSite","@id":"https:\/\/ento.org\/#website","url":"https:\/\/ento.org\/","name":"Ento","description":"European Network Training Organisations for Local and Regional Authorities","potentialAction":[{"@type":"SearchAction","target":{"@type":"EntryPoint","urlTemplate":"https:\/\/ento.org\/?s={search_term_string}"},"query-input":"required name=search_term_string"}],"inLanguage":"fr-FR"},{"@type":"ImageObject","@id":"https:\/\/ento.org\/fr\/prochaine-assemblee-generale-armenie\/#primaryimage","inLanguage":"fr-FR","url":"https:\/\/ento.org\/wp-content\/uploads\/2023\/07\/ento-2-scaled.jpg","contentUrl":"https:\/\/ento.org\/wp-content\/uploads\/2023\/07\/ento-2-scaled.jpg","width":2560,"height":1280},{"@type":"WebPage","@id":"https:\/\/ento.org\/fr\/prochaine-assemblee-generale-armenie\/#webpage","url":"https:\/\/ento.org\/fr\/prochaine-assemblee-generale-armenie\/","name":"PROCHAINE ASSEMBLEE GENERALE - ARMENIE - Ento","isPartOf":{"@id":"https:\/\/ento.org\/#website"},"primaryImageOfPage":{"@id":"https:\/\/ento.org\/fr\/prochaine-assemblee-generale-armenie\/#primaryimage"},"datePublished":"2023-07-28T07:48:02+00:00","dateModified":"2023-09-05T11:26:20+00:00","author":{"@id":"https:\/\/ento.org\/#\/schema\/person\/1498997d59570e0ff6b267f4205f8f0a"},"breadcrumb":{"@id":"https:\/\/ento.org\/fr\/prochaine-assemblee-generale-armenie\/#breadcrumb"},"inLanguage":"fr-FR","potentialAction":[{"@type":"ReadAction","target":["https:\/\/ento.org\/fr\/prochaine-assemblee-generale-armenie\/"]}]},{"@type":"BreadcrumbList","@id":"https:\/\/ento.org\/fr\/prochaine-assemblee-generale-armenie\/#breadcrumb","itemListElement":[{"@type":"ListItem","position":1,"name":"Home","item":"https:\/\/ento.org\/fr\/"},{"@type":"ListItem","position":2,"name":"PROCHAINE ASSEMBLEE GENERALE &#8211; ARMENIE"}]},{"@type":"Person","@id":"https:\/\/ento.org\/#\/schema\/person\/1498997d59570e0ff6b267f4205f8f0a","name":"Audrey Coquelet","image":{"@type":"ImageObject","@id":"https:\/\/ento.org\/#personlogo","inLanguage":"fr-FR","url":"https:\/\/secure.gravatar.com\/avatar\/19520688d0beed5f2a4e32eaebc186e0?s=96&d=mm&r=g","contentUrl":"https:\/\/secure.gravatar.com\/avatar\/19520688d0beed5f2a4e32eaebc186e0?s=96&d=mm&r=g","caption":"Audrey Coquelet"},"url":"https:\/\/ento.org\/fr\/author\/audrey-coqueletcrf-wallonie-be\/"}]}},"_links":{"self":[{"href":"https:\/\/ento.org\/fr\/wp-json\/wp\/v2\/posts\/18158"}],"collection":[{"href":"https:\/\/ento.org\/fr\/wp-json\/wp\/v2\/posts"}],"about":[{"href":"https:\/\/ento.org\/fr\/wp-json\/wp\/v2\/types\/post"}],"author":[{"embeddable":true,"href":"https:\/\/ento.org\/fr\/wp-json\/wp\/v2\/users\/8"}],"replies":[{"embeddable":true,"href":"https:\/\/ento.org\/fr\/wp-json\/wp\/v2\/comments?post=18158"}],"version-history":[{"count":8,"href":"https:\/\/ento.org\/fr\/wp-json\/wp\/v2\/posts\/18158\/revisions"}],"predecessor-version":[{"id":18184,"href":"https:\/\/ento.org\/fr\/wp-json\/wp\/v2\/posts\/18158\/revisions\/18184"}],"wp:attachment":[{"href":"https:\/\/ento.org\/fr\/wp-json\/wp\/v2\/media?parent=18158"}],"wp:term":[{"taxonomy":"category","embeddable":true,"href":"https:\/\/ento.org\/fr\/wp-json\/wp\/v2\/categories?post=18158"},{"taxonomy":"post_tag","embeddable":true,"href":"https:\/\/ento.org\/fr\/wp-json\/wp\/v2\/tags?post=18158"}],"curies":[{"name":"wp","href":"https:\/\/api.w.org\/{rel}","templated":true}]}}