{"id":18102,"date":"2022-10-24T10:52:52","date_gmt":"2022-10-24T08:52:52","guid":{"rendered":"https:\/\/ento.org\/?p=18102"},"modified":"2022-10-24T10:52:54","modified_gmt":"2022-10-24T08:52:54","slug":"retour-sur-le-dernier-studylab-a-bruxelles-belgique","status":"publish","type":"post","link":"https:\/\/ento.org\/fr\/retour-sur-le-dernier-studylab-a-bruxelles-belgique\/","title":{"rendered":"Retour sur le dernier StudyLab \u00e0 Bruxelles, Belgique."},"content":{"rendered":"\n<p><span class=\"NormalTextRun SCXW90205439 BCX0\">Dans le cadre du <\/span><span class=\"NormalTextRun SpellingErrorV2Themed SCXW90205439 BCX0\">StudyLab<\/span><span class=\"NormalTextRun SCXW90205439 BCX0\">, les membres de l&rsquo;Assembl\u00e9e G\u00e9n\u00e9rale de l&rsquo;ENTO se sont r\u00e9unis pendant 4 jours \u00e0 Bruxelles. L\u2019organisation a \u00e9t\u00e9 men\u00e9e en <\/span><span class=\"NormalTextRun SCXW90205439 BCX0\">collaboration avec l\u2019ERAP.<\/span><\/p>\n<p><img loading=\"lazy\" class=\"alignnone size-medium wp-image-18100\" src=\"http:\/\/ento.org\/wp-content\/uploads\/2022\/10\/IMG_20221017_150838-300x225.jpg\" alt=\"\" width=\"300\" height=\"225\" srcset=\"https:\/\/ento.org\/wp-content\/uploads\/2022\/10\/IMG_20221017_150838-300x225.jpg 300w, https:\/\/ento.org\/wp-content\/uploads\/2022\/10\/IMG_20221017_150838-1024x769.jpg 1024w, https:\/\/ento.org\/wp-content\/uploads\/2022\/10\/IMG_20221017_150838-768x577.jpg 768w, https:\/\/ento.org\/wp-content\/uploads\/2022\/10\/IMG_20221017_150838.jpg 1156w\" sizes=\"(max-width: 300px) 100vw, 300px\" \/><\/p>\n<p><a href=\"https:\/\/entostudylab.org\/studylab-15-to-18-october-2022-in-brussels-belgium\/\" target=\"_blank\" rel=\"noopener\">Plus d&rsquo;informations<\/a><\/p>\n","protected":false},"excerpt":{"rendered":"<p>Dans le cadre du StudyLab, les membres de l&rsquo;Assembl\u00e9e G\u00e9n\u00e9rale de l&rsquo;ENTO se sont r\u00e9unis pendant 4 jours \u00e0 Bruxelles. L\u2019organisation a \u00e9t\u00e9 men\u00e9e en collaboration avec l\u2019ERAP. Plus d&rsquo;informations<\/p>\n","protected":false},"author":8,"featured_media":0,"comment_status":"closed","ping_status":"closed","sticky":false,"template":"","format":"standard","meta":{"ngg_post_thumbnail":0},"categories":[36],"tags":[],"acf":[],"yoast_head":"<!-- This site is optimized with the Yoast SEO plugin v18.1 - https:\/\/yoast.com\/wordpress\/plugins\/seo\/ -->\n<title>Retour sur le dernier StudyLab \u00e0 Bruxelles, Belgique. - Ento<\/title>\n<meta name=\"robots\" content=\"index, follow, max-snippet:-1, max-image-preview:large, max-video-preview:-1\" \/>\n<link rel=\"canonical\" href=\"https:\/\/ento.org\/fr\/retour-sur-le-dernier-studylab-a-bruxelles-belgique\/\" \/>\n<meta property=\"og:locale\" content=\"fr_FR\" \/>\n<meta property=\"og:type\" content=\"article\" \/>\n<meta property=\"og:title\" content=\"Retour sur le dernier StudyLab \u00e0 Bruxelles, Belgique. - Ento\" \/>\n<meta property=\"og:description\" content=\"Dans le cadre du StudyLab, les membres de l&rsquo;Assembl\u00e9e G\u00e9n\u00e9rale de l&rsquo;ENTO se sont r\u00e9unis pendant 4 jours \u00e0 Bruxelles. L\u2019organisation a \u00e9t\u00e9 men\u00e9e en collaboration avec l\u2019ERAP. Plus d&rsquo;informations\" \/>\n<meta property=\"og:url\" content=\"https:\/\/ento.org\/fr\/retour-sur-le-dernier-studylab-a-bruxelles-belgique\/\" \/>\n<meta property=\"og:site_name\" content=\"Ento\" \/>\n<meta property=\"article:published_time\" content=\"2022-10-24T08:52:52+00:00\" \/>\n<meta property=\"article:modified_time\" content=\"2022-10-24T08:52:54+00:00\" \/>\n<meta property=\"og:image\" content=\"http:\/\/ento.org\/wp-content\/uploads\/2022\/10\/IMG_20221017_150838-300x225.jpg\" \/>\n<meta name=\"twitter:card\" content=\"summary\" \/>\n<meta name=\"twitter:label1\" content=\"\u00c9crit par\" \/>\n\t<meta name=\"twitter:data1\" content=\"Audrey Coquelet\" \/>\n\t<meta name=\"twitter:label2\" content=\"Dur\u00e9e de lecture estim\u00e9e\" \/>\n\t<meta name=\"twitter:data2\" content=\"1 minute\" \/>\n<script type=\"application\/ld+json\" class=\"yoast-schema-graph\">{\"@context\":\"https:\/\/schema.org\",\"@graph\":[{\"@type\":\"WebSite\",\"@id\":\"https:\/\/ento.org\/#website\",\"url\":\"https:\/\/ento.org\/\",\"name\":\"Ento\",\"description\":\"European Network Training Organisations for Local and Regional Authorities\",\"potentialAction\":[{\"@type\":\"SearchAction\",\"target\":{\"@type\":\"EntryPoint\",\"urlTemplate\":\"https:\/\/ento.org\/?s={search_term_string}\"},\"query-input\":\"required name=search_term_string\"}],\"inLanguage\":\"fr-FR\"},{\"@type\":\"ImageObject\",\"@id\":\"https:\/\/ento.org\/fr\/retour-sur-le-dernier-studylab-a-bruxelles-belgique\/#primaryimage\",\"inLanguage\":\"fr-FR\",\"url\":\"http:\/\/ento.org\/wp-content\/uploads\/2022\/10\/IMG_20221017_150838-300x225.jpg\",\"contentUrl\":\"http:\/\/ento.org\/wp-content\/uploads\/2022\/10\/IMG_20221017_150838-300x225.jpg\"},{\"@type\":\"WebPage\",\"@id\":\"https:\/\/ento.org\/fr\/retour-sur-le-dernier-studylab-a-bruxelles-belgique\/#webpage\",\"url\":\"https:\/\/ento.org\/fr\/retour-sur-le-dernier-studylab-a-bruxelles-belgique\/\",\"name\":\"Retour sur le dernier StudyLab \u00e0 Bruxelles, Belgique. - Ento\",\"isPartOf\":{\"@id\":\"https:\/\/ento.org\/#website\"},\"primaryImageOfPage\":{\"@id\":\"https:\/\/ento.org\/fr\/retour-sur-le-dernier-studylab-a-bruxelles-belgique\/#primaryimage\"},\"datePublished\":\"2022-10-24T08:52:52+00:00\",\"dateModified\":\"2022-10-24T08:52:54+00:00\",\"author\":{\"@id\":\"https:\/\/ento.org\/#\/schema\/person\/1498997d59570e0ff6b267f4205f8f0a\"},\"breadcrumb\":{\"@id\":\"https:\/\/ento.org\/fr\/retour-sur-le-dernier-studylab-a-bruxelles-belgique\/#breadcrumb\"},\"inLanguage\":\"fr-FR\",\"potentialAction\":[{\"@type\":\"ReadAction\",\"target\":[\"https:\/\/ento.org\/fr\/retour-sur-le-dernier-studylab-a-bruxelles-belgique\/\"]}]},{\"@type\":\"BreadcrumbList\",\"@id\":\"https:\/\/ento.org\/fr\/retour-sur-le-dernier-studylab-a-bruxelles-belgique\/#breadcrumb\",\"itemListElement\":[{\"@type\":\"ListItem\",\"position\":1,\"name\":\"Home\",\"item\":\"https:\/\/ento.org\/fr\/\"},{\"@type\":\"ListItem\",\"position\":2,\"name\":\"Retour sur le dernier StudyLab \u00e0 Bruxelles, Belgique.\"}]},{\"@type\":\"Person\",\"@id\":\"https:\/\/ento.org\/#\/schema\/person\/1498997d59570e0ff6b267f4205f8f0a\",\"name\":\"Audrey Coquelet\",\"image\":{\"@type\":\"ImageObject\",\"@id\":\"https:\/\/ento.org\/#personlogo\",\"inLanguage\":\"fr-FR\",\"url\":\"https:\/\/secure.gravatar.com\/avatar\/19520688d0beed5f2a4e32eaebc186e0?s=96&d=mm&r=g\",\"contentUrl\":\"https:\/\/secure.gravatar.com\/avatar\/19520688d0beed5f2a4e32eaebc186e0?s=96&d=mm&r=g\",\"caption\":\"Audrey Coquelet\"},\"url\":\"https:\/\/ento.org\/fr\/author\/audrey-coqueletcrf-wallonie-be\/\"}]}<\/script>\n<!-- \/ Yoast SEO plugin. -->","yoast_head_json":{"title":"Retour sur le dernier StudyLab \u00e0 Bruxelles, Belgique. - Ento","robots":{"index":"index","follow":"follow","max-snippet":"max-snippet:-1","max-image-preview":"max-image-preview:large","max-video-preview":"max-video-preview:-1"},"canonical":"https:\/\/ento.org\/fr\/retour-sur-le-dernier-studylab-a-bruxelles-belgique\/","og_locale":"fr_FR","og_type":"article","og_title":"Retour sur le dernier StudyLab \u00e0 Bruxelles, Belgique. - Ento","og_description":"Dans le cadre du StudyLab, les membres de l&rsquo;Assembl\u00e9e G\u00e9n\u00e9rale de l&rsquo;ENTO se sont r\u00e9unis pendant 4 jours \u00e0 Bruxelles. L\u2019organisation a \u00e9t\u00e9 men\u00e9e en collaboration avec l\u2019ERAP. Plus d&rsquo;informations","og_url":"https:\/\/ento.org\/fr\/retour-sur-le-dernier-studylab-a-bruxelles-belgique\/","og_site_name":"Ento","article_published_time":"2022-10-24T08:52:52+00:00","article_modified_time":"2022-10-24T08:52:54+00:00","og_image":[{"url":"http:\/\/ento.org\/wp-content\/uploads\/2022\/10\/IMG_20221017_150838-300x225.jpg"}],"twitter_card":"summary","twitter_misc":{"\u00c9crit par":"Audrey Coquelet","Dur\u00e9e de lecture estim\u00e9e":"1 minute"},"schema":{"@context":"https:\/\/schema.org","@graph":[{"@type":"WebSite","@id":"https:\/\/ento.org\/#website","url":"https:\/\/ento.org\/","name":"Ento","description":"European Network Training Organisations for Local and Regional Authorities","potentialAction":[{"@type":"SearchAction","target":{"@type":"EntryPoint","urlTemplate":"https:\/\/ento.org\/?s={search_term_string}"},"query-input":"required name=search_term_string"}],"inLanguage":"fr-FR"},{"@type":"ImageObject","@id":"https:\/\/ento.org\/fr\/retour-sur-le-dernier-studylab-a-bruxelles-belgique\/#primaryimage","inLanguage":"fr-FR","url":"http:\/\/ento.org\/wp-content\/uploads\/2022\/10\/IMG_20221017_150838-300x225.jpg","contentUrl":"http:\/\/ento.org\/wp-content\/uploads\/2022\/10\/IMG_20221017_150838-300x225.jpg"},{"@type":"WebPage","@id":"https:\/\/ento.org\/fr\/retour-sur-le-dernier-studylab-a-bruxelles-belgique\/#webpage","url":"https:\/\/ento.org\/fr\/retour-sur-le-dernier-studylab-a-bruxelles-belgique\/","name":"Retour sur le dernier StudyLab \u00e0 Bruxelles, Belgique. - Ento","isPartOf":{"@id":"https:\/\/ento.org\/#website"},"primaryImageOfPage":{"@id":"https:\/\/ento.org\/fr\/retour-sur-le-dernier-studylab-a-bruxelles-belgique\/#primaryimage"},"datePublished":"2022-10-24T08:52:52+00:00","dateModified":"2022-10-24T08:52:54+00:00","author":{"@id":"https:\/\/ento.org\/#\/schema\/person\/1498997d59570e0ff6b267f4205f8f0a"},"breadcrumb":{"@id":"https:\/\/ento.org\/fr\/retour-sur-le-dernier-studylab-a-bruxelles-belgique\/#breadcrumb"},"inLanguage":"fr-FR","potentialAction":[{"@type":"ReadAction","target":["https:\/\/ento.org\/fr\/retour-sur-le-dernier-studylab-a-bruxelles-belgique\/"]}]},{"@type":"BreadcrumbList","@id":"https:\/\/ento.org\/fr\/retour-sur-le-dernier-studylab-a-bruxelles-belgique\/#breadcrumb","itemListElement":[{"@type":"ListItem","position":1,"name":"Home","item":"https:\/\/ento.org\/fr\/"},{"@type":"ListItem","position":2,"name":"Retour sur le dernier StudyLab \u00e0 Bruxelles, Belgique."}]},{"@type":"Person","@id":"https:\/\/ento.org\/#\/schema\/person\/1498997d59570e0ff6b267f4205f8f0a","name":"Audrey Coquelet","image":{"@type":"ImageObject","@id":"https:\/\/ento.org\/#personlogo","inLanguage":"fr-FR","url":"https:\/\/secure.gravatar.com\/avatar\/19520688d0beed5f2a4e32eaebc186e0?s=96&d=mm&r=g","contentUrl":"https:\/\/secure.gravatar.com\/avatar\/19520688d0beed5f2a4e32eaebc186e0?s=96&d=mm&r=g","caption":"Audrey Coquelet"},"url":"https:\/\/ento.org\/fr\/author\/audrey-coqueletcrf-wallonie-be\/"}]}},"_links":{"self":[{"href":"https:\/\/ento.org\/fr\/wp-json\/wp\/v2\/posts\/18102"}],"collection":[{"href":"https:\/\/ento.org\/fr\/wp-json\/wp\/v2\/posts"}],"about":[{"href":"https:\/\/ento.org\/fr\/wp-json\/wp\/v2\/types\/post"}],"author":[{"embeddable":true,"href":"https:\/\/ento.org\/fr\/wp-json\/wp\/v2\/users\/8"}],"replies":[{"embeddable":true,"href":"https:\/\/ento.org\/fr\/wp-json\/wp\/v2\/comments?post=18102"}],"version-history":[{"count":1,"href":"https:\/\/ento.org\/fr\/wp-json\/wp\/v2\/posts\/18102\/revisions"}],"predecessor-version":[{"id":18103,"href":"https:\/\/ento.org\/fr\/wp-json\/wp\/v2\/posts\/18102\/revisions\/18103"}],"wp:attachment":[{"href":"https:\/\/ento.org\/fr\/wp-json\/wp\/v2\/media?parent=18102"}],"wp:term":[{"taxonomy":"category","embeddable":true,"href":"https:\/\/ento.org\/fr\/wp-json\/wp\/v2\/categories?post=18102"},{"taxonomy":"post_tag","embeddable":true,"href":"https:\/\/ento.org\/fr\/wp-json\/wp\/v2\/tags?post=18102"}],"curies":[{"name":"wp","href":"https:\/\/api.w.org\/{rel}","templated":true}]}}