{"id":18092,"date":"2022-10-24T10:44:26","date_gmt":"2022-10-24T08:44:26","guid":{"rendered":"https:\/\/ento.org\/?p=18092"},"modified":"2022-10-25T09:42:33","modified_gmt":"2022-10-25T07:42:33","slug":"les-membres-de-lento-ont-elu-leur-nouveau-bureau","status":"publish","type":"post","link":"https:\/\/ento.org\/fr\/les-membres-de-lento-ont-elu-leur-nouveau-bureau\/","title":{"rendered":"Les membres de l&rsquo;ENTO ont \u00e9lu leur nouveau Bureau"},"content":{"rendered":"\n<p>Durant le StudyLab d&rsquo;octobre, l&rsquo;Assembl\u00e9e g\u00e9n\u00e9rale de l&rsquo;ENTO a \u00e9lu les nouveaux membres de son Bureau :&nbsp;<\/p>\n<ul>\n<li>Pierre Petit, Pr\u00e9sident de l\u2019ENTO,<\/li>\n<li>Giorgi Meshkidze, Vice-pr\u00e9sident,<\/li>\n<li>Danijela Romic, Vice-pr\u00e9sidente,<\/li>\n<li>Paolo Crugnola,<\/li>\n<li>Gert Fieguth,<\/li>\n<li>Jean-Paul Plassard, Tr\u00e9sorier<\/li>\n<\/ul>\n<p><strong>F\u00e9licitations<\/strong> \u00e0 eux!<\/p>\n","protected":false},"excerpt":{"rendered":"<p>Durant le StudyLab d&rsquo;octobre, l&rsquo;Assembl\u00e9e g\u00e9n\u00e9rale de l&rsquo;ENTO a \u00e9lu les nouveaux membres de son Bureau :&nbsp; Pierre Petit, Pr\u00e9sident de l\u2019ENTO, Giorgi Meshkidze, Vice-pr\u00e9sident, Danijela Romic, Vice-pr\u00e9sidente, Paolo Crugnola, Gert Fieguth, Jean-Paul Plassard, Tr\u00e9sorier F\u00e9licitations \u00e0 eux!<\/p>\n","protected":false},"author":8,"featured_media":0,"comment_status":"closed","ping_status":"closed","sticky":false,"template":"","format":"standard","meta":{"ngg_post_thumbnail":0},"categories":[36],"tags":[],"acf":[],"yoast_head":"<!-- This site is optimized with the Yoast SEO plugin v18.1 - https:\/\/yoast.com\/wordpress\/plugins\/seo\/ -->\n<title>Les membres de l&#039;ENTO ont \u00e9lu leur nouveau Bureau - Ento<\/title>\n<meta name=\"robots\" content=\"index, follow, max-snippet:-1, max-image-preview:large, max-video-preview:-1\" \/>\n<link rel=\"canonical\" href=\"https:\/\/ento.org\/fr\/les-membres-de-lento-ont-elu-leur-nouveau-bureau\/\" \/>\n<meta property=\"og:locale\" content=\"fr_FR\" \/>\n<meta property=\"og:type\" content=\"article\" \/>\n<meta property=\"og:title\" content=\"Les membres de l&#039;ENTO ont \u00e9lu leur nouveau Bureau - Ento\" \/>\n<meta property=\"og:description\" content=\"Durant le StudyLab d&rsquo;octobre, l&rsquo;Assembl\u00e9e g\u00e9n\u00e9rale de l&rsquo;ENTO a \u00e9lu les nouveaux membres de son Bureau :&nbsp; Pierre Petit, Pr\u00e9sident de l\u2019ENTO, Giorgi Meshkidze, Vice-pr\u00e9sident, Danijela Romic, Vice-pr\u00e9sidente, Paolo Crugnola, Gert Fieguth, Jean-Paul Plassard, Tr\u00e9sorier F\u00e9licitations \u00e0 eux!\" \/>\n<meta property=\"og:url\" content=\"https:\/\/ento.org\/fr\/les-membres-de-lento-ont-elu-leur-nouveau-bureau\/\" \/>\n<meta property=\"og:site_name\" content=\"Ento\" \/>\n<meta property=\"article:published_time\" content=\"2022-10-24T08:44:26+00:00\" \/>\n<meta property=\"article:modified_time\" content=\"2022-10-25T07:42:33+00:00\" \/>\n<meta name=\"twitter:card\" content=\"summary\" \/>\n<meta name=\"twitter:label1\" content=\"\u00c9crit par\" \/>\n\t<meta name=\"twitter:data1\" content=\"Audrey Coquelet\" \/>\n\t<meta name=\"twitter:label2\" content=\"Dur\u00e9e de lecture estim\u00e9e\" \/>\n\t<meta name=\"twitter:data2\" content=\"1 minute\" \/>\n<script type=\"application\/ld+json\" class=\"yoast-schema-graph\">{\"@context\":\"https:\/\/schema.org\",\"@graph\":[{\"@type\":\"WebSite\",\"@id\":\"https:\/\/ento.org\/#website\",\"url\":\"https:\/\/ento.org\/\",\"name\":\"Ento\",\"description\":\"European Network Training Organisations for Local and Regional Authorities\",\"potentialAction\":[{\"@type\":\"SearchAction\",\"target\":{\"@type\":\"EntryPoint\",\"urlTemplate\":\"https:\/\/ento.org\/?s={search_term_string}\"},\"query-input\":\"required name=search_term_string\"}],\"inLanguage\":\"fr-FR\"},{\"@type\":\"WebPage\",\"@id\":\"https:\/\/ento.org\/fr\/les-membres-de-lento-ont-elu-leur-nouveau-bureau\/#webpage\",\"url\":\"https:\/\/ento.org\/fr\/les-membres-de-lento-ont-elu-leur-nouveau-bureau\/\",\"name\":\"Les membres de l'ENTO ont \u00e9lu leur nouveau Bureau - Ento\",\"isPartOf\":{\"@id\":\"https:\/\/ento.org\/#website\"},\"datePublished\":\"2022-10-24T08:44:26+00:00\",\"dateModified\":\"2022-10-25T07:42:33+00:00\",\"author\":{\"@id\":\"https:\/\/ento.org\/#\/schema\/person\/1498997d59570e0ff6b267f4205f8f0a\"},\"breadcrumb\":{\"@id\":\"https:\/\/ento.org\/fr\/les-membres-de-lento-ont-elu-leur-nouveau-bureau\/#breadcrumb\"},\"inLanguage\":\"fr-FR\",\"potentialAction\":[{\"@type\":\"ReadAction\",\"target\":[\"https:\/\/ento.org\/fr\/les-membres-de-lento-ont-elu-leur-nouveau-bureau\/\"]}]},{\"@type\":\"BreadcrumbList\",\"@id\":\"https:\/\/ento.org\/fr\/les-membres-de-lento-ont-elu-leur-nouveau-bureau\/#breadcrumb\",\"itemListElement\":[{\"@type\":\"ListItem\",\"position\":1,\"name\":\"Home\",\"item\":\"https:\/\/ento.org\/fr\/\"},{\"@type\":\"ListItem\",\"position\":2,\"name\":\"Les membres de l&#8217;ENTO ont \u00e9lu leur nouveau Bureau\"}]},{\"@type\":\"Person\",\"@id\":\"https:\/\/ento.org\/#\/schema\/person\/1498997d59570e0ff6b267f4205f8f0a\",\"name\":\"Audrey Coquelet\",\"image\":{\"@type\":\"ImageObject\",\"@id\":\"https:\/\/ento.org\/#personlogo\",\"inLanguage\":\"fr-FR\",\"url\":\"https:\/\/secure.gravatar.com\/avatar\/19520688d0beed5f2a4e32eaebc186e0?s=96&d=mm&r=g\",\"contentUrl\":\"https:\/\/secure.gravatar.com\/avatar\/19520688d0beed5f2a4e32eaebc186e0?s=96&d=mm&r=g\",\"caption\":\"Audrey Coquelet\"},\"url\":\"https:\/\/ento.org\/fr\/author\/audrey-coqueletcrf-wallonie-be\/\"}]}<\/script>\n<!-- \/ Yoast SEO plugin. -->","yoast_head_json":{"title":"Les membres de l'ENTO ont \u00e9lu leur nouveau Bureau - Ento","robots":{"index":"index","follow":"follow","max-snippet":"max-snippet:-1","max-image-preview":"max-image-preview:large","max-video-preview":"max-video-preview:-1"},"canonical":"https:\/\/ento.org\/fr\/les-membres-de-lento-ont-elu-leur-nouveau-bureau\/","og_locale":"fr_FR","og_type":"article","og_title":"Les membres de l'ENTO ont \u00e9lu leur nouveau Bureau - Ento","og_description":"Durant le StudyLab d&rsquo;octobre, l&rsquo;Assembl\u00e9e g\u00e9n\u00e9rale de l&rsquo;ENTO a \u00e9lu les nouveaux membres de son Bureau :&nbsp; Pierre Petit, Pr\u00e9sident de l\u2019ENTO, Giorgi Meshkidze, Vice-pr\u00e9sident, Danijela Romic, Vice-pr\u00e9sidente, Paolo Crugnola, Gert Fieguth, Jean-Paul Plassard, Tr\u00e9sorier F\u00e9licitations \u00e0 eux!","og_url":"https:\/\/ento.org\/fr\/les-membres-de-lento-ont-elu-leur-nouveau-bureau\/","og_site_name":"Ento","article_published_time":"2022-10-24T08:44:26+00:00","article_modified_time":"2022-10-25T07:42:33+00:00","twitter_card":"summary","twitter_misc":{"\u00c9crit par":"Audrey Coquelet","Dur\u00e9e de lecture estim\u00e9e":"1 minute"},"schema":{"@context":"https:\/\/schema.org","@graph":[{"@type":"WebSite","@id":"https:\/\/ento.org\/#website","url":"https:\/\/ento.org\/","name":"Ento","description":"European Network Training Organisations for Local and Regional Authorities","potentialAction":[{"@type":"SearchAction","target":{"@type":"EntryPoint","urlTemplate":"https:\/\/ento.org\/?s={search_term_string}"},"query-input":"required name=search_term_string"}],"inLanguage":"fr-FR"},{"@type":"WebPage","@id":"https:\/\/ento.org\/fr\/les-membres-de-lento-ont-elu-leur-nouveau-bureau\/#webpage","url":"https:\/\/ento.org\/fr\/les-membres-de-lento-ont-elu-leur-nouveau-bureau\/","name":"Les membres de l'ENTO ont \u00e9lu leur nouveau Bureau - Ento","isPartOf":{"@id":"https:\/\/ento.org\/#website"},"datePublished":"2022-10-24T08:44:26+00:00","dateModified":"2022-10-25T07:42:33+00:00","author":{"@id":"https:\/\/ento.org\/#\/schema\/person\/1498997d59570e0ff6b267f4205f8f0a"},"breadcrumb":{"@id":"https:\/\/ento.org\/fr\/les-membres-de-lento-ont-elu-leur-nouveau-bureau\/#breadcrumb"},"inLanguage":"fr-FR","potentialAction":[{"@type":"ReadAction","target":["https:\/\/ento.org\/fr\/les-membres-de-lento-ont-elu-leur-nouveau-bureau\/"]}]},{"@type":"BreadcrumbList","@id":"https:\/\/ento.org\/fr\/les-membres-de-lento-ont-elu-leur-nouveau-bureau\/#breadcrumb","itemListElement":[{"@type":"ListItem","position":1,"name":"Home","item":"https:\/\/ento.org\/fr\/"},{"@type":"ListItem","position":2,"name":"Les membres de l&#8217;ENTO ont \u00e9lu leur nouveau Bureau"}]},{"@type":"Person","@id":"https:\/\/ento.org\/#\/schema\/person\/1498997d59570e0ff6b267f4205f8f0a","name":"Audrey Coquelet","image":{"@type":"ImageObject","@id":"https:\/\/ento.org\/#personlogo","inLanguage":"fr-FR","url":"https:\/\/secure.gravatar.com\/avatar\/19520688d0beed5f2a4e32eaebc186e0?s=96&d=mm&r=g","contentUrl":"https:\/\/secure.gravatar.com\/avatar\/19520688d0beed5f2a4e32eaebc186e0?s=96&d=mm&r=g","caption":"Audrey Coquelet"},"url":"https:\/\/ento.org\/fr\/author\/audrey-coqueletcrf-wallonie-be\/"}]}},"_links":{"self":[{"href":"https:\/\/ento.org\/fr\/wp-json\/wp\/v2\/posts\/18092"}],"collection":[{"href":"https:\/\/ento.org\/fr\/wp-json\/wp\/v2\/posts"}],"about":[{"href":"https:\/\/ento.org\/fr\/wp-json\/wp\/v2\/types\/post"}],"author":[{"embeddable":true,"href":"https:\/\/ento.org\/fr\/wp-json\/wp\/v2\/users\/8"}],"replies":[{"embeddable":true,"href":"https:\/\/ento.org\/fr\/wp-json\/wp\/v2\/comments?post=18092"}],"version-history":[{"count":2,"href":"https:\/\/ento.org\/fr\/wp-json\/wp\/v2\/posts\/18092\/revisions"}],"predecessor-version":[{"id":18107,"href":"https:\/\/ento.org\/fr\/wp-json\/wp\/v2\/posts\/18092\/revisions\/18107"}],"wp:attachment":[{"href":"https:\/\/ento.org\/fr\/wp-json\/wp\/v2\/media?parent=18092"}],"wp:term":[{"taxonomy":"category","embeddable":true,"href":"https:\/\/ento.org\/fr\/wp-json\/wp\/v2\/categories?post=18092"},{"taxonomy":"post_tag","embeddable":true,"href":"https:\/\/ento.org\/fr\/wp-json\/wp\/v2\/tags?post=18092"}],"curies":[{"name":"wp","href":"https:\/\/api.w.org\/{rel}","templated":true}]}}