{"id":18001,"date":"2022-03-04T11:05:46","date_gmt":"2022-03-04T10:05:46","guid":{"rendered":"http:\/\/ento.org\/?p=18001"},"modified":"2022-03-04T11:08:31","modified_gmt":"2022-03-04T10:08:31","slug":"lento-et-ses-membres-se-mobilisent-en-soutien-a-lukraine","status":"publish","type":"post","link":"https:\/\/ento.org\/fr\/lento-et-ses-membres-se-mobilisent-en-soutien-a-lukraine\/","title":{"rendered":"L\u2019ENTO et ses membres se mobilisent en soutien \u00e0 l\u2019Ukraine"},"content":{"rendered":"\n<figure class=\"wp-block-image size-full\"><img loading=\"lazy\" width=\"223\" height=\"181\" src=\"http:\/\/ento.org\/wp-content\/uploads\/2022\/03\/ento-logo_ukraine-2-1.png\" alt=\"\" class=\"wp-image-18002\"\/><\/figure>\n","protected":false},"excerpt":{"rendered":"","protected":false},"author":3,"featured_media":0,"comment_status":"closed","ping_status":"closed","sticky":false,"template":"","format":"standard","meta":{"ngg_post_thumbnail":0},"categories":[36],"tags":[],"acf":[],"yoast_head":"<!-- This site is optimized with the Yoast SEO plugin v18.1 - https:\/\/yoast.com\/wordpress\/plugins\/seo\/ -->\n<title>L\u2019ENTO et ses membres se mobilisent en soutien \u00e0 l\u2019Ukraine - Ento<\/title>\n<meta name=\"robots\" content=\"index, follow, max-snippet:-1, max-image-preview:large, max-video-preview:-1\" \/>\n<link rel=\"canonical\" href=\"https:\/\/ento.org\/fr\/lento-et-ses-membres-se-mobilisent-en-soutien-a-lukraine\/\" \/>\n<meta property=\"og:locale\" content=\"fr_FR\" \/>\n<meta property=\"og:type\" content=\"article\" \/>\n<meta property=\"og:title\" content=\"L\u2019ENTO et ses membres se mobilisent en soutien \u00e0 l\u2019Ukraine - Ento\" \/>\n<meta property=\"og:url\" content=\"https:\/\/ento.org\/fr\/lento-et-ses-membres-se-mobilisent-en-soutien-a-lukraine\/\" \/>\n<meta property=\"og:site_name\" content=\"Ento\" \/>\n<meta property=\"article:published_time\" content=\"2022-03-04T10:05:46+00:00\" \/>\n<meta property=\"article:modified_time\" content=\"2022-03-04T10:08:31+00:00\" \/>\n<meta property=\"og:image\" content=\"http:\/\/ento.org\/wp-content\/uploads\/2022\/03\/ento-logo_ukraine-2-1.png\" \/>\n<meta name=\"twitter:card\" content=\"summary\" \/>\n<meta name=\"twitter:label1\" content=\"\u00c9crit par\" \/>\n\t<meta name=\"twitter:data1\" content=\"Julie Widart\" \/>\n\t<meta name=\"twitter:label2\" content=\"Dur\u00e9e de lecture estim\u00e9e\" \/>\n\t<meta name=\"twitter:data2\" content=\"1 minute\" \/>\n<script type=\"application\/ld+json\" class=\"yoast-schema-graph\">{\"@context\":\"https:\/\/schema.org\",\"@graph\":[{\"@type\":\"WebSite\",\"@id\":\"https:\/\/ento.org\/#website\",\"url\":\"https:\/\/ento.org\/\",\"name\":\"Ento\",\"description\":\"European Network Training Organisations for Local and Regional Authorities\",\"potentialAction\":[{\"@type\":\"SearchAction\",\"target\":{\"@type\":\"EntryPoint\",\"urlTemplate\":\"https:\/\/ento.org\/?s={search_term_string}\"},\"query-input\":\"required name=search_term_string\"}],\"inLanguage\":\"fr-FR\"},{\"@type\":\"ImageObject\",\"@id\":\"https:\/\/ento.org\/fr\/lento-et-ses-membres-se-mobilisent-en-soutien-a-lukraine\/#primaryimage\",\"inLanguage\":\"fr-FR\",\"url\":\"http:\/\/ento.org\/wp-content\/uploads\/2022\/03\/ento-logo_ukraine-2-1.png\",\"contentUrl\":\"http:\/\/ento.org\/wp-content\/uploads\/2022\/03\/ento-logo_ukraine-2-1.png\"},{\"@type\":\"WebPage\",\"@id\":\"https:\/\/ento.org\/fr\/lento-et-ses-membres-se-mobilisent-en-soutien-a-lukraine\/#webpage\",\"url\":\"https:\/\/ento.org\/fr\/lento-et-ses-membres-se-mobilisent-en-soutien-a-lukraine\/\",\"name\":\"L\u2019ENTO et ses membres se mobilisent en soutien \u00e0 l\u2019Ukraine - Ento\",\"isPartOf\":{\"@id\":\"https:\/\/ento.org\/#website\"},\"primaryImageOfPage\":{\"@id\":\"https:\/\/ento.org\/fr\/lento-et-ses-membres-se-mobilisent-en-soutien-a-lukraine\/#primaryimage\"},\"datePublished\":\"2022-03-04T10:05:46+00:00\",\"dateModified\":\"2022-03-04T10:08:31+00:00\",\"author\":{\"@id\":\"https:\/\/ento.org\/#\/schema\/person\/db3961ea89c3dea26c4e98e1b417313a\"},\"breadcrumb\":{\"@id\":\"https:\/\/ento.org\/fr\/lento-et-ses-membres-se-mobilisent-en-soutien-a-lukraine\/#breadcrumb\"},\"inLanguage\":\"fr-FR\",\"potentialAction\":[{\"@type\":\"ReadAction\",\"target\":[\"https:\/\/ento.org\/fr\/lento-et-ses-membres-se-mobilisent-en-soutien-a-lukraine\/\"]}]},{\"@type\":\"BreadcrumbList\",\"@id\":\"https:\/\/ento.org\/fr\/lento-et-ses-membres-se-mobilisent-en-soutien-a-lukraine\/#breadcrumb\",\"itemListElement\":[{\"@type\":\"ListItem\",\"position\":1,\"name\":\"Home\",\"item\":\"https:\/\/ento.org\/fr\/\"},{\"@type\":\"ListItem\",\"position\":2,\"name\":\"L\u2019ENTO et ses membres se mobilisent en soutien \u00e0 l\u2019Ukraine\"}]},{\"@type\":\"Person\",\"@id\":\"https:\/\/ento.org\/#\/schema\/person\/db3961ea89c3dea26c4e98e1b417313a\",\"name\":\"Julie Widart\",\"image\":{\"@type\":\"ImageObject\",\"@id\":\"https:\/\/ento.org\/#personlogo\",\"inLanguage\":\"fr-FR\",\"url\":\"https:\/\/secure.gravatar.com\/avatar\/3578ecd06f43127dd07d079b797e4e16?s=96&d=mm&r=g\",\"contentUrl\":\"https:\/\/secure.gravatar.com\/avatar\/3578ecd06f43127dd07d079b797e4e16?s=96&d=mm&r=g\",\"caption\":\"Julie Widart\"},\"url\":\"https:\/\/ento.org\/fr\/author\/jwidart\/\"}]}<\/script>\n<!-- \/ Yoast SEO plugin. -->","yoast_head_json":{"title":"L\u2019ENTO et ses membres se mobilisent en soutien \u00e0 l\u2019Ukraine - Ento","robots":{"index":"index","follow":"follow","max-snippet":"max-snippet:-1","max-image-preview":"max-image-preview:large","max-video-preview":"max-video-preview:-1"},"canonical":"https:\/\/ento.org\/fr\/lento-et-ses-membres-se-mobilisent-en-soutien-a-lukraine\/","og_locale":"fr_FR","og_type":"article","og_title":"L\u2019ENTO et ses membres se mobilisent en soutien \u00e0 l\u2019Ukraine - Ento","og_url":"https:\/\/ento.org\/fr\/lento-et-ses-membres-se-mobilisent-en-soutien-a-lukraine\/","og_site_name":"Ento","article_published_time":"2022-03-04T10:05:46+00:00","article_modified_time":"2022-03-04T10:08:31+00:00","og_image":[{"url":"http:\/\/ento.org\/wp-content\/uploads\/2022\/03\/ento-logo_ukraine-2-1.png"}],"twitter_card":"summary","twitter_misc":{"\u00c9crit par":"Julie Widart","Dur\u00e9e de lecture estim\u00e9e":"1 minute"},"schema":{"@context":"https:\/\/schema.org","@graph":[{"@type":"WebSite","@id":"https:\/\/ento.org\/#website","url":"https:\/\/ento.org\/","name":"Ento","description":"European Network Training Organisations for Local and Regional Authorities","potentialAction":[{"@type":"SearchAction","target":{"@type":"EntryPoint","urlTemplate":"https:\/\/ento.org\/?s={search_term_string}"},"query-input":"required name=search_term_string"}],"inLanguage":"fr-FR"},{"@type":"ImageObject","@id":"https:\/\/ento.org\/fr\/lento-et-ses-membres-se-mobilisent-en-soutien-a-lukraine\/#primaryimage","inLanguage":"fr-FR","url":"http:\/\/ento.org\/wp-content\/uploads\/2022\/03\/ento-logo_ukraine-2-1.png","contentUrl":"http:\/\/ento.org\/wp-content\/uploads\/2022\/03\/ento-logo_ukraine-2-1.png"},{"@type":"WebPage","@id":"https:\/\/ento.org\/fr\/lento-et-ses-membres-se-mobilisent-en-soutien-a-lukraine\/#webpage","url":"https:\/\/ento.org\/fr\/lento-et-ses-membres-se-mobilisent-en-soutien-a-lukraine\/","name":"L\u2019ENTO et ses membres se mobilisent en soutien \u00e0 l\u2019Ukraine - Ento","isPartOf":{"@id":"https:\/\/ento.org\/#website"},"primaryImageOfPage":{"@id":"https:\/\/ento.org\/fr\/lento-et-ses-membres-se-mobilisent-en-soutien-a-lukraine\/#primaryimage"},"datePublished":"2022-03-04T10:05:46+00:00","dateModified":"2022-03-04T10:08:31+00:00","author":{"@id":"https:\/\/ento.org\/#\/schema\/person\/db3961ea89c3dea26c4e98e1b417313a"},"breadcrumb":{"@id":"https:\/\/ento.org\/fr\/lento-et-ses-membres-se-mobilisent-en-soutien-a-lukraine\/#breadcrumb"},"inLanguage":"fr-FR","potentialAction":[{"@type":"ReadAction","target":["https:\/\/ento.org\/fr\/lento-et-ses-membres-se-mobilisent-en-soutien-a-lukraine\/"]}]},{"@type":"BreadcrumbList","@id":"https:\/\/ento.org\/fr\/lento-et-ses-membres-se-mobilisent-en-soutien-a-lukraine\/#breadcrumb","itemListElement":[{"@type":"ListItem","position":1,"name":"Home","item":"https:\/\/ento.org\/fr\/"},{"@type":"ListItem","position":2,"name":"L\u2019ENTO et ses membres se mobilisent en soutien \u00e0 l\u2019Ukraine"}]},{"@type":"Person","@id":"https:\/\/ento.org\/#\/schema\/person\/db3961ea89c3dea26c4e98e1b417313a","name":"Julie Widart","image":{"@type":"ImageObject","@id":"https:\/\/ento.org\/#personlogo","inLanguage":"fr-FR","url":"https:\/\/secure.gravatar.com\/avatar\/3578ecd06f43127dd07d079b797e4e16?s=96&d=mm&r=g","contentUrl":"https:\/\/secure.gravatar.com\/avatar\/3578ecd06f43127dd07d079b797e4e16?s=96&d=mm&r=g","caption":"Julie Widart"},"url":"https:\/\/ento.org\/fr\/author\/jwidart\/"}]}},"_links":{"self":[{"href":"https:\/\/ento.org\/fr\/wp-json\/wp\/v2\/posts\/18001"}],"collection":[{"href":"https:\/\/ento.org\/fr\/wp-json\/wp\/v2\/posts"}],"about":[{"href":"https:\/\/ento.org\/fr\/wp-json\/wp\/v2\/types\/post"}],"author":[{"embeddable":true,"href":"https:\/\/ento.org\/fr\/wp-json\/wp\/v2\/users\/3"}],"replies":[{"embeddable":true,"href":"https:\/\/ento.org\/fr\/wp-json\/wp\/v2\/comments?post=18001"}],"version-history":[{"count":1,"href":"https:\/\/ento.org\/fr\/wp-json\/wp\/v2\/posts\/18001\/revisions"}],"predecessor-version":[{"id":18004,"href":"https:\/\/ento.org\/fr\/wp-json\/wp\/v2\/posts\/18001\/revisions\/18004"}],"wp:attachment":[{"href":"https:\/\/ento.org\/fr\/wp-json\/wp\/v2\/media?parent=18001"}],"wp:term":[{"taxonomy":"category","embeddable":true,"href":"https:\/\/ento.org\/fr\/wp-json\/wp\/v2\/categories?post=18001"},{"taxonomy":"post_tag","embeddable":true,"href":"https:\/\/ento.org\/fr\/wp-json\/wp\/v2\/tags?post=18001"}],"curies":[{"name":"wp","href":"https:\/\/api.w.org\/{rel}","templated":true}]}}