{"id":17919,"date":"2021-06-24T16:24:23","date_gmt":"2021-06-24T14:24:23","guid":{"rendered":"http:\/\/ento.org\/les-news-du-cmatlv-et-du-vieme-forum-mondial\/"},"modified":"2021-06-24T16:28:06","modified_gmt":"2021-06-24T14:28:06","slug":"les-news-du-cmatlv-et-du-vieme-forum-mondial","status":"publish","type":"post","link":"https:\/\/ento.org\/fr\/les-news-du-cmatlv-et-du-vieme-forum-mondial\/","title":{"rendered":"\u00ab\u00a0Vers un \u00e9panouissement personnel et professionnel durable dans le nouveau contexte mondial\u00a0\u00bb. RDV les 1er et 2 juillet \u00e0 Bruxelles."},"content":{"rendered":"\n<p><em>LES NEWS DU CMAtlv ET DU VI\u00e8me FORUM MONDIAL<\/em><\/p>\n<p>Rendez-vous les 1er et 2 juillet 2021 \u00e0 Bruxelles !<\/p>\n<p>\u00ab VERS UN \u00c9PANOUISSEMENT PERSONNEL ET PROFESSIONNEL DURABLE DANS LE NOUVEAU CONTEXTE MONDIAL \u00bb.&nbsp;<\/p>\n<p>Sous&nbsp;&nbsp;l\u2019exceptionnel double patronage de l\u2019UNESCO et du Vice-Pr\u00e9sident de la Commission europ\u00e9enne Margaritis SCHIN\u00c1S,&nbsp;&nbsp;cet \u00e9v\u00e9nement est aussi&nbsp;&nbsp;r\u00e9alis\u00e9 avec la collaboration du CONSEIL DE L\u2019EUROPE, de l\u2019UIL : Institut de l\u2019UNESCO pour l\u2019apprentissage tout au long de la vie, de l\u2019ICAE : Conseil International pour l\u2019Education des Adultes, de la LLLP : Lifelong Learning Platform, de la FEDE : F\u00e9d\u00e9ration Europ\u00e9enne Des Ecoles, de CPMC : CoProgress Management Corporation (Chine), de la CCLAM : Chambre de Commerce Latino-Am\u00e9ricaine, de l\u2019Universit\u00e9 d\u2019Etat de St P\u00e9tersbourg, de CR&amp;DALL (Universit\u00e9 de Gasgow), et du CENTRE INFFO, et avec de autres nombreux soutiens.<\/p>\n<p class=\"so-global-p2\">Au cours de deux journ\u00e9es,&nbsp;&nbsp;66 experts internationaux interviendront, en pl\u00e9ni\u00e8res et en ateliers th\u00e9matiques d\u2019\u00e9change d\u2019exp\u00e9riences, de r\u00e9flexion collective et de prospective.<\/p>\n<p class=\"so-global-p2\">Les \u00e9changes seront traduits simultan\u00e9ment en&nbsp;4 langues&nbsp;: fran\u00e7ais, anglais, espagnol, chinois.<\/p>\n<p>Envie d&rsquo;en savoir plus? Cliquez sur <a href=\"https:\/\/shoutout.wix.com\/so\/e6Nel7AgJ?languageTag=fr&amp;cid=60ff2f4e-4134-41da-82b3-3d4504dcbc25#\/main\" target=\"_blank\" rel=\"noopener noreferrer\">ce lien<\/a><\/p>\n","protected":false},"excerpt":{"rendered":"<p>LES NEWS DU CMAtlv ET DU VI\u00e8me FORUM MONDIAL Rendez-vous les 1er et 2 juillet 2021 \u00e0 Bruxelles ! \u00ab VERS UN \u00c9PANOUISSEMENT PERSONNEL ET PROFESSIONNEL DURABLE DANS LE NOUVEAU CONTEXTE MONDIAL \u00bb.&nbsp; Sous&nbsp;&nbsp;l\u2019exceptionnel double patronage de l\u2019UNESCO et du Vice-Pr\u00e9sident de la Commission europ\u00e9enne Margaritis SCHIN\u00c1S,&nbsp;&nbsp;cet \u00e9v\u00e9nement est aussi&nbsp;&nbsp;r\u00e9alis\u00e9 avec la collaboration du CONSEIL [&hellip;]<\/p>\n","protected":false},"author":8,"featured_media":0,"comment_status":"closed","ping_status":"closed","sticky":false,"template":"","format":"standard","meta":{"ngg_post_thumbnail":0},"categories":[36],"tags":[],"acf":[],"yoast_head":"<!-- This site is optimized with the Yoast SEO plugin v18.1 - https:\/\/yoast.com\/wordpress\/plugins\/seo\/ -->\n<title>&quot;Vers un \u00e9panouissement personnel et professionnel durable dans le nouveau contexte mondial&quot;. RDV les 1er et 2 juillet \u00e0 Bruxelles. - Ento<\/title>\n<meta name=\"robots\" content=\"index, follow, max-snippet:-1, max-image-preview:large, max-video-preview:-1\" \/>\n<link rel=\"canonical\" href=\"https:\/\/ento.org\/fr\/les-news-du-cmatlv-et-du-vieme-forum-mondial\/\" \/>\n<meta property=\"og:locale\" content=\"fr_FR\" \/>\n<meta property=\"og:type\" content=\"article\" \/>\n<meta property=\"og:title\" content=\"&quot;Vers un \u00e9panouissement personnel et professionnel durable dans le nouveau contexte mondial&quot;. RDV les 1er et 2 juillet \u00e0 Bruxelles. - Ento\" \/>\n<meta property=\"og:description\" content=\"LES NEWS DU CMAtlv ET DU VI\u00e8me FORUM MONDIAL Rendez-vous les 1er et 2 juillet 2021 \u00e0 Bruxelles ! \u00ab VERS UN \u00c9PANOUISSEMENT PERSONNEL ET PROFESSIONNEL DURABLE DANS LE NOUVEAU CONTEXTE MONDIAL \u00bb.&nbsp; Sous&nbsp;&nbsp;l\u2019exceptionnel double patronage de l\u2019UNESCO et du Vice-Pr\u00e9sident de la Commission europ\u00e9enne Margaritis SCHIN\u00c1S,&nbsp;&nbsp;cet \u00e9v\u00e9nement est aussi&nbsp;&nbsp;r\u00e9alis\u00e9 avec la collaboration du CONSEIL [&hellip;]\" \/>\n<meta property=\"og:url\" content=\"https:\/\/ento.org\/fr\/les-news-du-cmatlv-et-du-vieme-forum-mondial\/\" \/>\n<meta property=\"og:site_name\" content=\"Ento\" \/>\n<meta property=\"article:published_time\" content=\"2021-06-24T14:24:23+00:00\" \/>\n<meta property=\"article:modified_time\" content=\"2021-06-24T14:28:06+00:00\" \/>\n<meta name=\"twitter:card\" content=\"summary\" \/>\n<meta name=\"twitter:label1\" content=\"\u00c9crit par\" \/>\n\t<meta name=\"twitter:data1\" content=\"Audrey Coquelet\" \/>\n\t<meta name=\"twitter:label2\" content=\"Dur\u00e9e de lecture estim\u00e9e\" \/>\n\t<meta name=\"twitter:data2\" content=\"1 minute\" \/>\n<script type=\"application\/ld+json\" class=\"yoast-schema-graph\">{\"@context\":\"https:\/\/schema.org\",\"@graph\":[{\"@type\":\"WebSite\",\"@id\":\"https:\/\/ento.org\/#website\",\"url\":\"https:\/\/ento.org\/\",\"name\":\"Ento\",\"description\":\"European Network Training Organisations for Local and Regional Authorities\",\"potentialAction\":[{\"@type\":\"SearchAction\",\"target\":{\"@type\":\"EntryPoint\",\"urlTemplate\":\"https:\/\/ento.org\/?s={search_term_string}\"},\"query-input\":\"required name=search_term_string\"}],\"inLanguage\":\"fr-FR\"},{\"@type\":\"WebPage\",\"@id\":\"https:\/\/ento.org\/fr\/les-news-du-cmatlv-et-du-vieme-forum-mondial\/#webpage\",\"url\":\"https:\/\/ento.org\/fr\/les-news-du-cmatlv-et-du-vieme-forum-mondial\/\",\"name\":\"\\\"Vers un \u00e9panouissement personnel et professionnel durable dans le nouveau contexte mondial\\\". RDV les 1er et 2 juillet \u00e0 Bruxelles. - Ento\",\"isPartOf\":{\"@id\":\"https:\/\/ento.org\/#website\"},\"datePublished\":\"2021-06-24T14:24:23+00:00\",\"dateModified\":\"2021-06-24T14:28:06+00:00\",\"author\":{\"@id\":\"https:\/\/ento.org\/#\/schema\/person\/1498997d59570e0ff6b267f4205f8f0a\"},\"breadcrumb\":{\"@id\":\"https:\/\/ento.org\/fr\/les-news-du-cmatlv-et-du-vieme-forum-mondial\/#breadcrumb\"},\"inLanguage\":\"fr-FR\",\"potentialAction\":[{\"@type\":\"ReadAction\",\"target\":[\"https:\/\/ento.org\/fr\/les-news-du-cmatlv-et-du-vieme-forum-mondial\/\"]}]},{\"@type\":\"BreadcrumbList\",\"@id\":\"https:\/\/ento.org\/fr\/les-news-du-cmatlv-et-du-vieme-forum-mondial\/#breadcrumb\",\"itemListElement\":[{\"@type\":\"ListItem\",\"position\":1,\"name\":\"Home\",\"item\":\"https:\/\/ento.org\/fr\/\"},{\"@type\":\"ListItem\",\"position\":2,\"name\":\"\u00ab\u00a0Vers un \u00e9panouissement personnel et professionnel durable dans le nouveau contexte mondial\u00a0\u00bb. RDV les 1er et 2 juillet \u00e0 Bruxelles.\"}]},{\"@type\":\"Person\",\"@id\":\"https:\/\/ento.org\/#\/schema\/person\/1498997d59570e0ff6b267f4205f8f0a\",\"name\":\"Audrey Coquelet\",\"image\":{\"@type\":\"ImageObject\",\"@id\":\"https:\/\/ento.org\/#personlogo\",\"inLanguage\":\"fr-FR\",\"url\":\"https:\/\/secure.gravatar.com\/avatar\/19520688d0beed5f2a4e32eaebc186e0?s=96&d=mm&r=g\",\"contentUrl\":\"https:\/\/secure.gravatar.com\/avatar\/19520688d0beed5f2a4e32eaebc186e0?s=96&d=mm&r=g\",\"caption\":\"Audrey Coquelet\"},\"url\":\"https:\/\/ento.org\/fr\/author\/audrey-coqueletcrf-wallonie-be\/\"}]}<\/script>\n<!-- \/ Yoast SEO plugin. -->","yoast_head_json":{"title":"\"Vers un \u00e9panouissement personnel et professionnel durable dans le nouveau contexte mondial\". RDV les 1er et 2 juillet \u00e0 Bruxelles. - Ento","robots":{"index":"index","follow":"follow","max-snippet":"max-snippet:-1","max-image-preview":"max-image-preview:large","max-video-preview":"max-video-preview:-1"},"canonical":"https:\/\/ento.org\/fr\/les-news-du-cmatlv-et-du-vieme-forum-mondial\/","og_locale":"fr_FR","og_type":"article","og_title":"\"Vers un \u00e9panouissement personnel et professionnel durable dans le nouveau contexte mondial\". RDV les 1er et 2 juillet \u00e0 Bruxelles. - Ento","og_description":"LES NEWS DU CMAtlv ET DU VI\u00e8me FORUM MONDIAL Rendez-vous les 1er et 2 juillet 2021 \u00e0 Bruxelles ! \u00ab VERS UN \u00c9PANOUISSEMENT PERSONNEL ET PROFESSIONNEL DURABLE DANS LE NOUVEAU CONTEXTE MONDIAL \u00bb.&nbsp; Sous&nbsp;&nbsp;l\u2019exceptionnel double patronage de l\u2019UNESCO et du Vice-Pr\u00e9sident de la Commission europ\u00e9enne Margaritis SCHIN\u00c1S,&nbsp;&nbsp;cet \u00e9v\u00e9nement est aussi&nbsp;&nbsp;r\u00e9alis\u00e9 avec la collaboration du CONSEIL [&hellip;]","og_url":"https:\/\/ento.org\/fr\/les-news-du-cmatlv-et-du-vieme-forum-mondial\/","og_site_name":"Ento","article_published_time":"2021-06-24T14:24:23+00:00","article_modified_time":"2021-06-24T14:28:06+00:00","twitter_card":"summary","twitter_misc":{"\u00c9crit par":"Audrey Coquelet","Dur\u00e9e de lecture estim\u00e9e":"1 minute"},"schema":{"@context":"https:\/\/schema.org","@graph":[{"@type":"WebSite","@id":"https:\/\/ento.org\/#website","url":"https:\/\/ento.org\/","name":"Ento","description":"European Network Training Organisations for Local and Regional Authorities","potentialAction":[{"@type":"SearchAction","target":{"@type":"EntryPoint","urlTemplate":"https:\/\/ento.org\/?s={search_term_string}"},"query-input":"required name=search_term_string"}],"inLanguage":"fr-FR"},{"@type":"WebPage","@id":"https:\/\/ento.org\/fr\/les-news-du-cmatlv-et-du-vieme-forum-mondial\/#webpage","url":"https:\/\/ento.org\/fr\/les-news-du-cmatlv-et-du-vieme-forum-mondial\/","name":"\"Vers un \u00e9panouissement personnel et professionnel durable dans le nouveau contexte mondial\". RDV les 1er et 2 juillet \u00e0 Bruxelles. - Ento","isPartOf":{"@id":"https:\/\/ento.org\/#website"},"datePublished":"2021-06-24T14:24:23+00:00","dateModified":"2021-06-24T14:28:06+00:00","author":{"@id":"https:\/\/ento.org\/#\/schema\/person\/1498997d59570e0ff6b267f4205f8f0a"},"breadcrumb":{"@id":"https:\/\/ento.org\/fr\/les-news-du-cmatlv-et-du-vieme-forum-mondial\/#breadcrumb"},"inLanguage":"fr-FR","potentialAction":[{"@type":"ReadAction","target":["https:\/\/ento.org\/fr\/les-news-du-cmatlv-et-du-vieme-forum-mondial\/"]}]},{"@type":"BreadcrumbList","@id":"https:\/\/ento.org\/fr\/les-news-du-cmatlv-et-du-vieme-forum-mondial\/#breadcrumb","itemListElement":[{"@type":"ListItem","position":1,"name":"Home","item":"https:\/\/ento.org\/fr\/"},{"@type":"ListItem","position":2,"name":"\u00ab\u00a0Vers un \u00e9panouissement personnel et professionnel durable dans le nouveau contexte mondial\u00a0\u00bb. RDV les 1er et 2 juillet \u00e0 Bruxelles."}]},{"@type":"Person","@id":"https:\/\/ento.org\/#\/schema\/person\/1498997d59570e0ff6b267f4205f8f0a","name":"Audrey Coquelet","image":{"@type":"ImageObject","@id":"https:\/\/ento.org\/#personlogo","inLanguage":"fr-FR","url":"https:\/\/secure.gravatar.com\/avatar\/19520688d0beed5f2a4e32eaebc186e0?s=96&d=mm&r=g","contentUrl":"https:\/\/secure.gravatar.com\/avatar\/19520688d0beed5f2a4e32eaebc186e0?s=96&d=mm&r=g","caption":"Audrey Coquelet"},"url":"https:\/\/ento.org\/fr\/author\/audrey-coqueletcrf-wallonie-be\/"}]}},"_links":{"self":[{"href":"https:\/\/ento.org\/fr\/wp-json\/wp\/v2\/posts\/17919"}],"collection":[{"href":"https:\/\/ento.org\/fr\/wp-json\/wp\/v2\/posts"}],"about":[{"href":"https:\/\/ento.org\/fr\/wp-json\/wp\/v2\/types\/post"}],"author":[{"embeddable":true,"href":"https:\/\/ento.org\/fr\/wp-json\/wp\/v2\/users\/8"}],"replies":[{"embeddable":true,"href":"https:\/\/ento.org\/fr\/wp-json\/wp\/v2\/comments?post=17919"}],"version-history":[{"count":3,"href":"https:\/\/ento.org\/fr\/wp-json\/wp\/v2\/posts\/17919\/revisions"}],"predecessor-version":[{"id":17925,"href":"https:\/\/ento.org\/fr\/wp-json\/wp\/v2\/posts\/17919\/revisions\/17925"}],"wp:attachment":[{"href":"https:\/\/ento.org\/fr\/wp-json\/wp\/v2\/media?parent=17919"}],"wp:term":[{"taxonomy":"category","embeddable":true,"href":"https:\/\/ento.org\/fr\/wp-json\/wp\/v2\/categories?post=17919"},{"taxonomy":"post_tag","embeddable":true,"href":"https:\/\/ento.org\/fr\/wp-json\/wp\/v2\/tags?post=17919"}],"curies":[{"name":"wp","href":"https:\/\/api.w.org\/{rel}","templated":true}]}}